{"id":16742,"date":"2019-07-11T09:09:55","date_gmt":"2019-07-11T09:09:55","guid":{"rendered":"https:\/\/archivioturi.lavocedelpaese.info\/index.php\/2019\/07\/11\/tu-me-comprendes-di-catia-simone\/"},"modified":"2019-07-11T09:09:55","modified_gmt":"2019-07-11T09:09:55","slug":"tu-me-comprendes-di-catia-simone","status":"publish","type":"post","link":"https:\/\/archivioturi.lavocedelpaese.info\/index.php\/2019\/07\/11\/tu-me-comprendes-di-catia-simone\/","title":{"rendered":"\u201cTu me comprendes\u201d di Catia Simone"},"content":{"rendered":"<p><img loading=\"lazy\" decoding=\"async\" src=\"https:\/\/live.staticflickr.com\/65535\/48200694826_25d791e172_n.jpg\" alt=\"catia simone (1)\" width=\"320\" height=\"240\" \/><\/p>\n<p style=\"text-align: center;\"><strong>Cultura italo-iberica in scena alla Casa delle Idee<\/strong><\/p>\n<p><img loading=\"lazy\" decoding=\"async\" src=\"https:\/\/live.staticflickr.com\/65535\/48200694491_a79d6806af_n.jpg\" alt=\"catia simone (2)\" style=\"margin: 6px; float: right;\" width=\"320\" height=\"240\" \/><\/p>\n<p style=\"text-align: justify;\">Venerd\u00ec 28 giugno, nella Sala Conferenze di \u201cCasa delle Idee\u201d, \u00e8 avvenuta la conferenza di presentazione del libro \u201cTu me comprendes\u201d di Catia Simone. L\u2019autrice, di origine barese ma residente attualmente in Veneto dove gestisce assieme al marito un\u2019azienda di esportazione ittica, ha scritto questa raccolta di poesie che per met\u00e0 libro sono in italiano, mentre nell\u2019altra met\u00e0 troviamo le stesse poesie tradotte in spagnolo da Lily Arge.<\/p>\n<p style=\"text-align: justify;\">Alina Laruccia, presidente dell\u2019Associazione \u201cDidiario \u2013 Suggeritori di Libri\u201d, che ha organizzato l\u2019evento, ha affermato che da tanto tempo voleva riproporre un libro di poesie, e coincidenza ha voluto che di Catia Simone gliene parl\u00f2 il Commissario Cantadori prima che finisse il suo incarico. Avendo poi l\u2019associazione valutato il libro positivamente, l\u2019autrice \u00e8 stata invitata a presentarlo ed ha accettato.<\/p>\n<p><img loading=\"lazy\" decoding=\"async\" src=\"https:\/\/live.staticflickr.com\/65535\/48200741352_967dc396b8_n.jpg\" alt=\"catia simone (4)\" style=\"margin: 6px; float: left;\" width=\"320\" height=\"240\" \/><\/p>\n<p style=\"text-align: justify;\">Durante la serata le poesie sono state lette in Italiano da Angela Antonacci e in spagnolo da Ofelia D&#8217;Aprile Elefante. \u201cLa ciliegia\u201d, non poteva che essere la prima poesia letta in questa occasione. C\u2019\u00e8 stato un bel dibattito col pubblico, che ha posto bellissime domande e dalle quali sono nate molte discussioni interessanti. Il libro nello specifico \u00e8 una raccolta di poesie d\u2019amore, viaggi ed emozioni. Chiamato \u201cTu me comprendes\u201d poich\u00e9 l\u2019autrice ama molto lo spagnolo.<\/p>\n<p style=\"text-align: justify;\">\u201cConfido nel presentare ancora altri libri di poesie, soprattutto quando sono buoni \u2013 ha affermato Alina ai nostri microfoni. Non \u00e8 facile scrivere una poesia, non \u00e8 come scrivere un romanzo. La poesia in realt\u00e0 \u00e8 uno stato d\u2019animo, anche per chi la legge, non soltanto per chi la scrive. La poesia ti mette a nudo, non \u00e8 possibile bluffare quando la si scrive e la si legge.\u201d<\/p>\n<p style=\"text-align: right;\"><strong>Dario Centore<\/strong><\/p>\n","protected":false},"excerpt":{"rendered":"<p><img loading=\"lazy\" decoding=\"async\" src=\"https:\/\/live.staticflickr.com\/65535\/48200694826_25d791e172_n.jpg\" alt=\"catia simone (1)\" width=\"320\" height=\"240\" \/><\/p>\n","protected":false},"author":1,"featured_media":0,"comment_status":"open","ping_status":"closed","sticky":false,"template":"","format":"standard","meta":{"colormag_page_container_layout":"default_layout","colormag_page_sidebar_layout":"default_layout","footnotes":""},"categories":[6],"tags":[],"class_list":["post-16742","post","type-post","status-publish","format-standard","hentry","category-cultura"],"_links":{"self":[{"href":"https:\/\/archivioturi.lavocedelpaese.info\/index.php\/wp-json\/wp\/v2\/posts\/16742","targetHints":{"allow":["GET"]}}],"collection":[{"href":"https:\/\/archivioturi.lavocedelpaese.info\/index.php\/wp-json\/wp\/v2\/posts"}],"about":[{"href":"https:\/\/archivioturi.lavocedelpaese.info\/index.php\/wp-json\/wp\/v2\/types\/post"}],"author":[{"embeddable":true,"href":"https:\/\/archivioturi.lavocedelpaese.info\/index.php\/wp-json\/wp\/v2\/users\/1"}],"replies":[{"embeddable":true,"href":"https:\/\/archivioturi.lavocedelpaese.info\/index.php\/wp-json\/wp\/v2\/comments?post=16742"}],"version-history":[{"count":0,"href":"https:\/\/archivioturi.lavocedelpaese.info\/index.php\/wp-json\/wp\/v2\/posts\/16742\/revisions"}],"wp:attachment":[{"href":"https:\/\/archivioturi.lavocedelpaese.info\/index.php\/wp-json\/wp\/v2\/media?parent=16742"}],"wp:term":[{"taxonomy":"category","embeddable":true,"href":"https:\/\/archivioturi.lavocedelpaese.info\/index.php\/wp-json\/wp\/v2\/categories?post=16742"},{"taxonomy":"post_tag","embeddable":true,"href":"https:\/\/archivioturi.lavocedelpaese.info\/index.php\/wp-json\/wp\/v2\/tags?post=16742"}],"curies":[{"name":"wp","href":"https:\/\/api.w.org\/{rel}","templated":true}]}}