{"id":16730,"date":"2019-07-08T08:28:36","date_gmt":"2019-07-08T08:28:36","guid":{"rendered":"https:\/\/archivioturi.lavocedelpaese.info\/index.php\/2019\/07\/08\/prima-riunione-di-giunta\/"},"modified":"2019-07-08T08:28:36","modified_gmt":"2019-07-08T08:28:36","slug":"prima-riunione-di-giunta","status":"publish","type":"post","link":"https:\/\/archivioturi.lavocedelpaese.info\/index.php\/2019\/07\/08\/prima-riunione-di-giunta\/","title":{"rendered":"Prima riunione di Giunta"},"content":{"rendered":"<p><img loading=\"lazy\" decoding=\"async\" src=\"https:\/\/live.staticflickr.com\/65535\/48200419856_4c1ed19866_n.jpg\" alt=\"multa\" width=\"320\" height=\"213\" \/><\/p>\n<p style=\"text-align: center;\"><strong>Confermato l\u2019affidamento esterno del servizio di stampa e postalizzazione delle multe<\/strong><\/p>\n<p style=\"text-align: justify;\">La Giunta comunale si \u00e8 riunita per la prima volta lo scorso 20 giugno. Dopo la verifica delle condizioni di candidabilit\u00e0, eleggibilit\u00e0 e compatibilit\u00e0 della nomina alla carica di Assessore, gli assessori hanno licenziato due provvedimenti.<\/p>\n<p style=\"text-align: justify;\">Il primo riguarda il contenzioso nato in seguito alla richiesta risarcitoria avanzata da un cittadino, la cui auto sarebbe stata danneggiata da una buca presente in via Conversano. L\u2019incidente risale a febbraio 2019 e vede il Comune di Turi citato dinanzi al Giudice di Pace per una somma di circa 660 euro. La Giunta, sulla base della relazione della Polizia Locale e del geometra comunale, ha deciso di resistere, affidando la difesa dell\u2019Ente all\u2019avvocato Lia Casulli per un compenso omnicomprensivo di 187 euro.<\/p>\n<p style=\"text-align: justify;\">Il secondo atto dell\u2019esecutivo conferma l\u2019esternalizzazione del sevizio di stampa e postalizzazione dei verbali di violazione delle norme del Codice della Strada. Si tratta dell\u2019affidamento a un ente terzo delle attivit\u00e0 di stampa, imbustamento e consegna a mezzo posta dei verbali di accertamento elevati dalla Polizia Locale, con successiva registrazione dei pagamenti e delle notifiche.<\/p>\n<p style=\"text-align: justify;\">Gestire direttamente queste operazioni, considerando che nel 2018 sono state elevate circa mille contravvenzioni, richiederebbe un notevole impiego di personale. Personale che, come viene rimarcato nel testo della deliberazione, \u201callo stato attuale risulta insufficiente alle esigenze dell\u2019ufficio per diminuzione dell\u2019organico\u201d, tanto che per questa incombenza \u00e8 disponibile una sola unit\u00e0.<\/p>\n<p style=\"text-align: justify;\">Per queste ragioni si \u00e8 ritenuto necessario, \u201cin un\u2019ottica di ottimizzazione della gestione delle risorse umane del Settore Polizia Locale\u201d, confermare l\u2019affidamento esterno \u201cdi alcune fasi del procedimento sanzionatorio\u201d, con esclusione dell\u2019attivit\u00e0 di inserimento dei verbali che sar\u00e0 gestita direttamente dagli agenti.<\/p>\n<p style=\"text-align: justify;\">La delibera si pone in continuit\u00e0 con le scelte operate dal Comune di Turi fin dal 2013, quando, approvati gli indirizzi per l\u2019esternalizzazione del servizio, veniva sottoscritta una convenzione con Poste Italiane, rinnovata nel 2016 fino al 30 giugno 2019. E dato che i termini del rapporto erano in scadenza, si \u00e8 dato mandato al Comandante Campanella, in qualit\u00e0 di Responsabile del Settore Polizia Locale, di adottare tutti gli atti necessari per individuare l\u2019operatore economico cui affidare l\u2019appalto.<\/p>\n","protected":false},"excerpt":{"rendered":"<p><img loading=\"lazy\" decoding=\"async\" src=\"https:\/\/live.staticflickr.com\/65535\/48200419856_4c1ed19866_n.jpg\" alt=\"multa\" width=\"320\" height=\"213\" \/><\/p>\n","protected":false},"author":1,"featured_media":0,"comment_status":"open","ping_status":"closed","sticky":false,"template":"","format":"standard","meta":{"colormag_page_container_layout":"default_layout","colormag_page_sidebar_layout":"default_layout","footnotes":""},"categories":[4],"tags":[],"class_list":["post-16730","post","type-post","status-publish","format-standard","hentry","category-politica"],"_links":{"self":[{"href":"https:\/\/archivioturi.lavocedelpaese.info\/index.php\/wp-json\/wp\/v2\/posts\/16730","targetHints":{"allow":["GET"]}}],"collection":[{"href":"https:\/\/archivioturi.lavocedelpaese.info\/index.php\/wp-json\/wp\/v2\/posts"}],"about":[{"href":"https:\/\/archivioturi.lavocedelpaese.info\/index.php\/wp-json\/wp\/v2\/types\/post"}],"author":[{"embeddable":true,"href":"https:\/\/archivioturi.lavocedelpaese.info\/index.php\/wp-json\/wp\/v2\/users\/1"}],"replies":[{"embeddable":true,"href":"https:\/\/archivioturi.lavocedelpaese.info\/index.php\/wp-json\/wp\/v2\/comments?post=16730"}],"version-history":[{"count":0,"href":"https:\/\/archivioturi.lavocedelpaese.info\/index.php\/wp-json\/wp\/v2\/posts\/16730\/revisions"}],"wp:attachment":[{"href":"https:\/\/archivioturi.lavocedelpaese.info\/index.php\/wp-json\/wp\/v2\/media?parent=16730"}],"wp:term":[{"taxonomy":"category","embeddable":true,"href":"https:\/\/archivioturi.lavocedelpaese.info\/index.php\/wp-json\/wp\/v2\/categories?post=16730"},{"taxonomy":"post_tag","embeddable":true,"href":"https:\/\/archivioturi.lavocedelpaese.info\/index.php\/wp-json\/wp\/v2\/tags?post=16730"}],"curies":[{"name":"wp","href":"https:\/\/api.w.org\/{rel}","templated":true}]}}