{"id":1672,"date":"2010-03-16T09:16:18","date_gmt":"2010-03-16T09:16:18","guid":{"rendered":"https:\/\/archivioturi.lavocedelpaese.info\/index.php\/2010\/03\/16\/loredana-frescura-a-qchi-e-di-scenaq\/"},"modified":"2010-03-16T09:16:18","modified_gmt":"2010-03-16T09:16:18","slug":"loredana-frescura-a-qchi-e-di-scenaq","status":"publish","type":"post","link":"https:\/\/archivioturi.lavocedelpaese.info\/index.php\/2010\/03\/16\/loredana-frescura-a-qchi-e-di-scenaq\/","title":{"rendered":"LOREDANA FRESCURA A &#8220;CHI E&#8217; DI SCENA?!&#8221;"},"content":{"rendered":"<div style=\"text-align: justify;\"><img loading=\"lazy\" decoding=\"async\" class=\" size-full wp-image-1671\" height=\"150\" width=\"320\" src=\"https:\/\/archivioturi.lavocedelpaese.info\/wp-content\/uploads\/2010\/03\/FREscura.jpg\" alt=\"FREscura\" srcset=\"https:\/\/archivioturi.lavocedelpaese.info\/wp-content\/uploads\/2010\/03\/FREscura.jpg 640w, https:\/\/archivioturi.lavocedelpaese.info\/wp-content\/uploads\/2010\/03\/FREscura-300x141.jpg 300w\" sizes=\"auto, (max-width: 320px) 100vw, 320px\" \/><\/div>\n<div style=\"text-align: justify;\"><\/div>\n<div style=\"text-align: justify;\"><span style=\"font-size: 10pt;\"><span style=\"font-family: verdana,geneva;\"><strong>Loredana Frescura<\/strong> \u00e8 una donna, un\u2018insegnante molto carismatica che crede ancora nel valore dell\u2019educazione e della scuola.<\/span><\/span><\/div>\n<p style=\"text-align: justify;\"><span style=\"font-size: 10pt;\"><span style=\"font-family: verdana,geneva;\">Sabato 13 marzo, ha presentato il suo nuovo libro <strong>\u201cCome Checco detto finocchio si salv\u00f2\u201d<\/strong>, presso l\u2019Associazione culturale \u201cChi \u00e8 di scena!?\u201d.<\/span><\/span><\/p>\n<div style=\"text-align: justify;\"><\/div>\n<p style=\"text-align: justify;\"><span style=\"font-size: 10pt;\"><span style=\"font-family: verdana,geneva;\">Il libro parla di cinque ragazzi di quindici anni: Teresa, detta &#8220;Gambe a Fiori&#8221;, che si dipinge il corpo per mascherare i lividi delle violenze subite; Carla, chiamata &#8220;Puttana&#8221;, per il suo modo sboccato di parlare, ma molto forte e sensibile; Graziano &#8220;Scarpe Strette&#8221;, che non vuole curare la propria malattia; Enrico &#8220;Cervello Bruciato&#8221;, che fa uso di droghe e, infine, Francesco detto &#8220;Finocchio&#8221;, bravo in matematica, superficialmente etichettato \u201comosessuale\u201d. Hanno un rapporto drammatico con i genitori e con i bulli della scuola ma il preside sembra l\u2019unico a capirli e li aiuter\u00e0 a trovare la forza per mettere da parte il \u201cTutto Quello\u201d: le angherie subite e la solitudine di una realt\u00e0 indifferente alle loro problematiche.<\/span><\/span><\/p>\n<div style=\"text-align: justify;\"><\/div>\n<p style=\"text-align: justify;\"><span style=\"font-size: 10pt;\"><span style=\"font-family: verdana,geneva;\">La scrittrice \u00e8 stata attorniata dai ragazzi, che dopo aver letto alcuni passi del libro e rappresentato le proprie emozioni con scritte su un <em>wall<\/em> creato per l\u2019occasione, le hanno rivolto tante domande sull\u2019argomento scottante dell\u2019adolescenza.<\/span><\/span><\/p>\n<div style=\"text-align: justify;\"><\/div>\n<p style=\"text-align: justify;\"><span style=\"font-size: 10pt;\"><span style=\"font-family: verdana,geneva;\">Loredana Frescura ha esordito in un discorso tutto d\u2019un fiato, emotivo, vibrante: \u201cSono commossa perch\u00e9 con questo libro festeggio 25 anni di matrimonio con la scuola. Io nella scuola credo ancora. Ho deciso di scriverlo dopo l\u2019ennesimo trafiletto sul giornale, di una ragazza picchiata e segregata dal patrigno. Mi ha fatto pensare che potrei avere degli alunni cos\u00ec, senza accorgermene. Ho incontrato tanti casi. Conosco i ragazzi. Alcuni sono andati persi, altri si sono salvati e anche se la scuola ne salva pochi perch\u00e9 il mondo \u00e8 confuso, perch\u00e9 si bada all\u2019apparenza e si etichetta, ci sono coloro che sono la scuola, che ci credono in questa possibilit\u00e0. Dobbiamo provare a salvarli. Il titolo \u201cCome Checco detto finocchio si salv\u00f2\u201d, inganna solo chi vuole essere ingannato. A Milano era stato inserito nella sezione gay \u2013 lesbo, ma, in realt\u00e0, \u00e8 un libro di dolcezza, di tenerezza, di cinque protagonisti che vivono in una citt\u00e0 qualsiasi la propria esistenza traumatica senza poter contare su una famiglia capace, forte. \u201dTutto quello\u201d \u00e8 fuori dalla scuola, nella piazzetta. Sono come i quindicenni dei miei tempi. Hanno desiderio di verit\u00e0, di essere accettati per quello che sono. Sono cambiati i contesti per il progresso, ma la natura umana non cambia. Vogliono essere stimati. Hanno bisogno di identit\u00e0, di trovare un posto nel mondo. A 15 anni i genitori devono staccarsi un po\u2019 da loro, per aiutarli a capire cosa vogliono. Mi piace molto quest\u2019et\u00e0.\u201d<\/span><\/span><\/p>\n<div style=\"text-align: justify;\"><\/div>\n<p style=\"text-align: justify;\"><span style=\"font-size: 10pt;\"><span style=\"font-family: verdana,geneva;\">Alla domanda dei ragazzi su come fosse la sua adolescenza e se avesse mai avuto un \u201cTutto Quello\u201d, ha risposto: \u201dSono stata anch\u2019io un\u2019adolescente come tanti, ma sono stata fortunata perch\u00e9 la mia famiglia sapeva aiutarmi quando avevo bisogno e lasciarmi libera all\u2019occorrenza. Altre famiglie non sono in grado. <strong>Gli adulti devono stringersi intorno ai giovani, perch\u00e9 sono il nostro presente, e \u201cpresente\u201d significa dono: sono un dono che \u00e8 stato fatto a noi adulti.<\/strong> L\u2019adolescenza \u00e8 tormentata in tutti i ragazzi per le trasformazioni del corpo. Io questo l\u2019ho vissuto. Dentro la scuola, vedo la vera libert\u00e0 perch\u00e9 ci offre tante materie e la possibilit\u00e0 di poter scegliere. L\u2019adolescenza sembra incoerente. Ho avuto una famiglia che mi ha dato prima tante regole e poi tanta fiducia. Il mio \u201cTutto Quello\u201d \u00e8 la paura del futuro e vedere che la parte dei valori e dei sogni sta diventando brutta. Io ho bisogno di esempi come tutti. Non mi piacciono i politici. Ci sono troppi scandali, la tv \u00e8 scadente: un terremoto diventa spettacolo, cos\u00ec come una gioia privata. Il mio \u201cTutto quello\u201d \u00e8 la confusione ed il disprezzo per la sobriet\u00e0, nel contesto socio-culturale in cui viviamo. Il libro \u00e8, per\u00f2, pieno di speranza. Nel mondo della scuola sono rimaste delle virt\u00f9. Credo che i giovani possano trovare dei modelli positivi. Non dobbiamo, per\u00f2, invaderli a causa delle nostre insicurezze. Non facciamogli troppe domande: questo \u00e8 il filo per poter esserci, dando a loro la possibilit\u00e0 di poter volare.\u201d<\/span><\/span><\/p>\n<p style=\"text-align: justify;\"><span style=\"font-family: verdana,geneva;\"><span style=\"font-size: 10pt;\">All&#8217;evento hanno partecipato numerose le famiglie dei ragazzi; peccato che mancasse proprio la scuola.<\/span><\/span><\/p>\n<div style=\"text-align: justify;\"><\/div>\n<p style=\"text-align: justify;\"><span style=\"font-family: verdana,geneva;\"><br clear=\"all\" \/><\/span><\/p>\n<p>\u00a0<\/p>\n","protected":false},"excerpt":{"rendered":"<div style=\"text-align: justify;\"><img loading=\"lazy\" decoding=\"async\" class=\" size-full wp-image-1671\" height=\"150\" width=\"320\" src=\"https:\/\/archivioturi.lavocedelpaese.info\/wp-content\/uploads\/2010\/03\/FREscura.jpg\" alt=\"FREscura\" srcset=\"https:\/\/archivioturi.lavocedelpaese.info\/wp-content\/uploads\/2010\/03\/FREscura.jpg 640w, https:\/\/archivioturi.lavocedelpaese.info\/wp-content\/uploads\/2010\/03\/FREscura-300x141.jpg 300w\" sizes=\"auto, (max-width: 320px) 100vw, 320px\" \/><\/div>\n","protected":false},"author":1,"featured_media":1671,"comment_status":"open","ping_status":"closed","sticky":false,"template":"","format":"standard","meta":{"colormag_page_container_layout":"default_layout","colormag_page_sidebar_layout":"default_layout","footnotes":""},"categories":[6],"tags":[],"class_list":["post-1672","post","type-post","status-publish","format-standard","has-post-thumbnail","hentry","category-cultura"],"_links":{"self":[{"href":"https:\/\/archivioturi.lavocedelpaese.info\/index.php\/wp-json\/wp\/v2\/posts\/1672","targetHints":{"allow":["GET"]}}],"collection":[{"href":"https:\/\/archivioturi.lavocedelpaese.info\/index.php\/wp-json\/wp\/v2\/posts"}],"about":[{"href":"https:\/\/archivioturi.lavocedelpaese.info\/index.php\/wp-json\/wp\/v2\/types\/post"}],"author":[{"embeddable":true,"href":"https:\/\/archivioturi.lavocedelpaese.info\/index.php\/wp-json\/wp\/v2\/users\/1"}],"replies":[{"embeddable":true,"href":"https:\/\/archivioturi.lavocedelpaese.info\/index.php\/wp-json\/wp\/v2\/comments?post=1672"}],"version-history":[{"count":0,"href":"https:\/\/archivioturi.lavocedelpaese.info\/index.php\/wp-json\/wp\/v2\/posts\/1672\/revisions"}],"wp:featuredmedia":[{"embeddable":true,"href":"https:\/\/archivioturi.lavocedelpaese.info\/index.php\/wp-json\/wp\/v2\/media\/1671"}],"wp:attachment":[{"href":"https:\/\/archivioturi.lavocedelpaese.info\/index.php\/wp-json\/wp\/v2\/media?parent=1672"}],"wp:term":[{"taxonomy":"category","embeddable":true,"href":"https:\/\/archivioturi.lavocedelpaese.info\/index.php\/wp-json\/wp\/v2\/categories?post=1672"},{"taxonomy":"post_tag","embeddable":true,"href":"https:\/\/archivioturi.lavocedelpaese.info\/index.php\/wp-json\/wp\/v2\/tags?post=1672"}],"curies":[{"name":"wp","href":"https:\/\/api.w.org\/{rel}","templated":true}]}}