{"id":16713,"date":"2019-07-03T06:18:05","date_gmt":"2019-07-03T06:18:05","guid":{"rendered":"https:\/\/archivioturi.lavocedelpaese.info\/index.php\/2019\/07\/03\/trenta-giorni-da-sindaco\/"},"modified":"2019-07-03T06:18:05","modified_gmt":"2019-07-03T06:18:05","slug":"trenta-giorni-da-sindaco","status":"publish","type":"post","link":"https:\/\/archivioturi.lavocedelpaese.info\/index.php\/2019\/07\/03\/trenta-giorni-da-sindaco\/","title":{"rendered":"TRENTA GIORNI DA SINDACO"},"content":{"rendered":"<p><img loading=\"lazy\" decoding=\"async\" src=\"https:\/\/live.staticflickr.com\/65535\/48147374022_2b7c8c1450_n.jpg\" alt=\"Tina Resta\" width=\"320\" height=\"260\" \/><\/p>\n<p style=\"text-align: center;\"><strong>Tina Resta: \u201cCon la collaborazione dei cittadini continueremo a lavorare per migliorare il paese\u201d<\/strong><\/p>\n<p style=\"text-align: justify;\">Tina Resta taglia il traguardo dei trenta giorni di governo. Un ragionevole lasso di tempo per tirare le prime somme sui provvedimenti adottati e sugli obiettivi che l\u2019Amministrazione ha in cantiere.<\/p>\n<p style=\"text-align: justify;\">L\u2019intervista che vi proponiamo pu\u00f2 essere divisa in due capitoli. Nella prima parte, quella pi\u00f9 \u201cpolitica\u201d, abbiamo affrontato il tema della formazione della Giunta e delle tre deleghe che, per il momento, il primo cittadino ha deciso di riservare per s\u00e9; la scelta di introdurre la carica della Presidenza del Consiglio comunale e le voci, prontamente smentite, sui presunti attriti con Michele Boccardi.<\/p>\n<p style=\"text-align: justify;\">La seconda parte, invece, si concentra sull\u2019azione amministrativa, con un puntuale resoconto delle iniziative gi\u00e0 concluse e di quelle che partiranno nei prossimi giorni: dall\u2019ammodernamento della pubblica illuminazione al ripristino del decoro urbano nel centro e nelle periferie del paese; dalla manutenzione del verde pubblico a quella del Comprensivo e del Palazzetto dello Sport.<\/p>\n<p style=\"text-align: justify;\">La chiacchierata con il sindaco Resta si conclude con l\u2019appello rivolto a tutti i turesi a collaborare per mantenere il paese in ordine, rispettando le regole della civile convivenza.<\/p>\n<p style=\"text-align: justify;\">&nbsp;<\/p>\n<p style=\"text-align: justify;\"><strong>La principale difficolt\u00e0 incontrata in questo primo mese di governo?<\/strong><\/p>\n<p style=\"text-align: justify;\">\u00abSicuramente quella di rimettere in moto la macchina organizzativa comunale, come \u00e8 fisiologico per ogni nuovo gruppo politico che interagisca con un apparato amministrativo che non conosce. Proprio per superare questo ostacolo, abbiamo incontrato tutte le figure apicali dei vari Settori, confrontandoci e programmando i prossimi passi, che dovranno comunque commisurarsi con le risorse di bilancio\u00bb.<\/p>\n<p style=\"text-align: justify;\">&nbsp;<\/p>\n<p style=\"text-align: justify;\"><strong>\u00c8 soddisfatta della Giunta che ha costruito o avrebbe preferito una diversa suddivisione degli incarichi?<\/strong><\/p>\n<p style=\"text-align: justify;\">\u00abSono pi\u00f9 che soddisfatta, la ripartizione delle deleghe \u00e8 la giusta sintesi tra le istanze dei partiti politici e le mie personali valutazioni sulle singole inclinazioni di assessori e consiglieri che compongono la maggioranza. Preciso per\u00f2 che nessuna delega \u00e8 \u201cintoccabile\u201d o \u201ceterna\u201d, gli incarichi potrebbero variare nell\u2019arco del tempo a seconda delle esigenze amministrative e dei risultati conseguiti. Le stesse deleghe a urbanistica, lavori pubblici e politiche sociali, che al momento ho riservato per me, non ho intenzione di gestirle per l\u2019intera durata del mandato, al contrario ne decider\u00f2 l\u2019assegnazione con criterio e senza alcun condizionamento\u00bb.<\/p>\n<p style=\"text-align: justify;\">&nbsp;<\/p>\n<p style=\"text-align: justify;\"><strong>Non si tratta quindi di una scelta dettata dalla \u201cmancanza di fiducia\u201d nella sua squadra?<\/strong><\/p>\n<p style=\"text-align: justify;\">\u00abAssolutamente no, \u00e8 un\u2019interpretazione errata. Posso contare su assessori e consiglieri che, pur essendo alla loro prima esperienza, si stanno dimostrando capaci e motivati. In realt\u00e0, nelle materie pi\u00f9 complesse, stiamo adottando un approccio a step. Ad esempio, il decoro urbano, che \u00e8 una parte sostanziale dell\u2019urbanistica, \u00e8 stato gi\u00e0 affidato all\u2019assessore Stefano Dell\u2019Aera, che se ne sta occupando in maniera eccellente\u00bb.<\/p>\n<p style=\"text-align: justify;\">&nbsp;<\/p>\n<p style=\"text-align: justify;\"><strong>Conferma l\u2019indiscrezione che vedrebbe il consigliere Maurizio Coppi Presidente del Consiglio comunale?<\/strong><\/p>\n<p style=\"text-align: justify;\">\u00abConfermo. Quella del Presidente del Consiglio \u00e8 una figura che, pur non essendo prevista per gli Enti al di sotto dei 15 mila abitanti, mi sta particolarmente a cuore: oltre a essere un supporto nella gestione dei lavori del Consiglio comunale, \u00e8 una carica super partes a maggiore garanzia della democrazia cittadina.<\/p>\n<p style=\"text-align: justify;\">Sgombriamo il campo dalle polemiche: se concorderemo di istituire questo ruolo, non ci sar\u00e0 nessun aggravio della spesa pubblica; sindaco e Giunta decurteranno una parte del proprio indennizzo per coprirne i costi.<\/p>\n<p style=\"text-align: justify;\">Chiedo di leggere questa futura scelta come un segnale di decentramento di compiti, funzioni e responsabilit\u00e0: non ho intenzione di qualificarmi come un sindaco \u201caccentratore\u201d, che decide tutto in solitudine. Sono dell\u2019idea che bisogna saper delegare e infatti, in questo primo mese, ho chiesto agli assessori di seguire in prima persona sia i nuovi progetti che quelli rivenienti dalla precedente amministrazione\u00bb.<\/p>\n<p style=\"text-align: justify;\">&nbsp;<\/p>\n<p style=\"text-align: justify;\"><strong>Corrisponde al vero che ha deciso \u201callontanare\u201d Michele Boccardi, rafforzando i rapporti con Onofrio Resta?<\/strong><\/p>\n<p style=\"text-align: justify;\">\u00abNon c\u2019\u00e8 nessun tipo di vicinanza o lontananza, ci sono dei ruoli che vanno rispettati. Onofrio Resta \u00e8 il capogruppo della nostra coalizione e avr\u00e0 il compito di raccordare le posizioni dei consiglieri di maggioranza; Michele Boccardi \u00e8 il garante del progetto politico \u201cTuRinasce\u201d e non si \u00e8 mai sottratto alle sue responsabilit\u00e0 n\u00e9 tantomeno \u00e8 stato \u201cesonerato\u201d. Ci sono ottimi rapporti, rispetto e collaborazione reciproca. La stessa collaborazione che mi piacerebbe instaurare con la minoranza, creando un dialogo propositivo che permetta di lavorare a progettualit\u00e0 bipartisan e condivise\u00bb.<\/p>\n<p style=\"text-align: justify;\">&nbsp;<\/p>\n<p style=\"text-align: justify;\"><strong>Passando al fronte amministrativo, quali obiettivi intende realizzare nei prossimi giorni?<\/strong><\/p>\n<p style=\"text-align: justify;\">\u00abStiamo ponendo particolare attenzione alla messa in sicurezza e all\u2019adeguamento della pubblica dell\u2019illuminazione, partendo da quella della Villa Comunale. Abbiamo una relazione tecnica, stilata durante il periodo commissariale, che riassume le maggiori criticit\u00e0 dell\u2019impianto; ora dovremo adattare gli interventi alla reale capienza delle risorse di bilancio, che andranno affiancate da ulteriori finanziamenti sovracomunali da intercettare nel medio termine.<\/p>\n<p style=\"text-align: justify;\">Nei prossimi giorni proseguiremo la manutenzione del verde pubblico, con un maggiore impegno per le periferie. L\u2019obiettivo \u00e8 bonificare le aree standard, attualmente abbandonate a se stesse, e renderle nuovamente fruibili per la collettivit\u00e0. A questo proposito, abbiamo raccolto la volont\u00e0 dei cittadini di \u201cadottare\u201d il parco o la villetta che sorge nel proprio quartiere, alcuni hanno anche presentato dei progetti per realizzare parchi gioco o piccoli orti urbani. Un segnale importante di cittadinanza attiva, di collaborazione nella cura dei beni comuni, che non trascureremo, fornendo l\u2019aiuto necessario a far decollare l\u2019iniziativa.<\/p>\n<p style=\"text-align: justify;\">Un esempio concreto di questo meccanismo virtuoso lo abbiamo costatato per le due fioriere in via XX Settembre: su iniziativa dell\u2019assessore Dell\u2019Aera sono stati piantumati dei fiori, che hanno sostituito le indecorose bottiglie di birra che puntualmente venivano abbandonate all\u2019interno. Ebbene, sono stati gli stessi esercenti che, di propria iniziativa, hanno iniziato a innaffiarli e a prendersene cura.<\/p>\n<p style=\"text-align: justify;\">Infine, oltre alla disinfestazione della fogna bianca, ultimeremo i lavori di manutenzione presso il Palazzetto dello Sport e l\u2019Istituto Comprensivo, dove ci sono alcune aule con problemi di infiltrazione d\u2019acqua segnalati gi\u00e0 a febbraio 2019 e mai affrontati. Si \u00e8 ritenuto opportuno provvedere subito, in modo che gli alunni possano tranquillamente iniziare il nuovo anno scolastico senza sorprese o interruzioni\u00bb.<\/p>\n<p style=\"text-align: justify;\">&nbsp;<\/p>\n<p style=\"text-align: justify;\"><strong>Ci sono state risposte agli avvisi di mobilit\u00e0 per l\u2019assunzione del nuovo personale?<\/strong><\/p>\n<p style=\"text-align: justify;\">\u00abIniziamo col dire che questo provvedimento porta la nostra firma: quando ci siamo insediati degli avvisi pubblici non c\u2019era traccia, nonostante si conoscesse perfettamente la difficile contingenza della pianta organica. Con il supporto degli uffici, abbiamo quindi emanato i bandi di mobilit\u00e0, che per il momento non hanno ricevuto candidature. Passeremo subito al secondo step, ovvero quello di attingere alle graduatorie dei Comuni limitrofi e a quelle del Ripam-Formez, che raccoglie tutti i vincitori di concorso a livello nazionale.<\/p>\n<p style=\"text-align: justify;\">Contemporaneamente, abbiamo attivato anche le procedure per richiedere al Ministero della Difesa l\u2019impiego di personale militare in ausiliaria e quelle per l\u2019inserimento di tirocinanti neolaureati come figure di supporto\u00bb.<\/p>\n<p style=\"text-align: justify;\">&nbsp;<\/p>\n<p style=\"text-align: justify;\"><strong>Sui social i cittadini hanno evidenziato situazioni di degrado che riguardano le aree verdi e recentemente si sono verificati tre roghi. Come pensate di intervenire?<\/strong><\/p>\n<p style=\"text-align: justify;\">\u00ab\u00c8 indubbio che c\u2019\u00e8 un degrado diffuso con cui ci troviamo a fare i conti. L\u2019obiettivo \u00e8 ripristinare un livello di decoro minimo su cui poi sviluppare progetti migliorativi.<\/p>\n<p style=\"text-align: justify;\">Per le aree verdi vale quanto abbiamo detto prima. A riguardo degli incendi, \u00e8 bene chiarire che sia l\u2019area adiacente al Palazzetto dello Sport che quella di Lama Balice erano state bonificate ben prima dei roghi, il che ha permesso di contenere le fiamme e ridurre i danni. In pi\u00f9, per l\u2019area di via Cisterne \u00e8 allo studio un intervento risolutivo che permetter\u00e0 di affrontare in maniera definitiva tanto i problemi igienico-sanitari quanto il rischio incendi.<\/p>\n<p style=\"text-align: justify;\">Aggiungo che \u00e8 stata pianificata la potatura degli alberi: l\u2019assessore Dell\u2019Aera ha monitorato tutte le situazioni in cui \u00e8 necessario agire, dagli alberi in Villa, i cui rami ormai coprono i lampioni, a particolari esigenze segnalateci in varie zone dell\u2019abitato. Tuttavia, bisogner\u00e0 pazientare ancora qualche mese giacch\u00e9, come ci ha spiegato la ditta competente, \u00e8 necessario attendere il periodo giusto (ottobre \u2013 novembre) per evitare di arrecare danni alle piante\u00bb.<\/p>\n<p style=\"text-align: justify;\">&nbsp;<\/p>\n<p style=\"text-align: justify;\"><strong>Festa di Sant\u2019Oronzo: siete arrivati a un accordo con don Amodio sul prossimo presidente?<\/strong><\/p>\n<p style=\"text-align: justify;\">\u00abVista la rinuncia ufficiale di Marinuccio Di Venere, l\u2019Amministrazione ha proposto il nome di Livio Lerede, una persona che ha gi\u00e0 dato prova di straordinarie capacit\u00e0 organizzative e, tra l\u2019altro, vanta un retroterra solido anche nel coordinamento delle feste patronali\u00bb.<\/p>\n<p style=\"text-align: right;\"><strong>Fabio D\u2019Aprile<\/strong><\/p>\n","protected":false},"excerpt":{"rendered":"<p><img loading=\"lazy\" decoding=\"async\" src=\"https:\/\/live.staticflickr.com\/65535\/48147374022_2b7c8c1450_n.jpg\" alt=\"Tina Resta\" width=\"320\" height=\"260\" \/><\/p>\n","protected":false},"author":1,"featured_media":0,"comment_status":"open","ping_status":"closed","sticky":false,"template":"","format":"standard","meta":{"colormag_page_container_layout":"default_layout","colormag_page_sidebar_layout":"default_layout","footnotes":""},"categories":[4],"tags":[],"class_list":["post-16713","post","type-post","status-publish","format-standard","hentry","category-politica"],"_links":{"self":[{"href":"https:\/\/archivioturi.lavocedelpaese.info\/index.php\/wp-json\/wp\/v2\/posts\/16713","targetHints":{"allow":["GET"]}}],"collection":[{"href":"https:\/\/archivioturi.lavocedelpaese.info\/index.php\/wp-json\/wp\/v2\/posts"}],"about":[{"href":"https:\/\/archivioturi.lavocedelpaese.info\/index.php\/wp-json\/wp\/v2\/types\/post"}],"author":[{"embeddable":true,"href":"https:\/\/archivioturi.lavocedelpaese.info\/index.php\/wp-json\/wp\/v2\/users\/1"}],"replies":[{"embeddable":true,"href":"https:\/\/archivioturi.lavocedelpaese.info\/index.php\/wp-json\/wp\/v2\/comments?post=16713"}],"version-history":[{"count":0,"href":"https:\/\/archivioturi.lavocedelpaese.info\/index.php\/wp-json\/wp\/v2\/posts\/16713\/revisions"}],"wp:attachment":[{"href":"https:\/\/archivioturi.lavocedelpaese.info\/index.php\/wp-json\/wp\/v2\/media?parent=16713"}],"wp:term":[{"taxonomy":"category","embeddable":true,"href":"https:\/\/archivioturi.lavocedelpaese.info\/index.php\/wp-json\/wp\/v2\/categories?post=16713"},{"taxonomy":"post_tag","embeddable":true,"href":"https:\/\/archivioturi.lavocedelpaese.info\/index.php\/wp-json\/wp\/v2\/tags?post=16713"}],"curies":[{"name":"wp","href":"https:\/\/api.w.org\/{rel}","templated":true}]}}