{"id":16709,"date":"2019-07-02T06:00:59","date_gmt":"2019-07-02T06:00:59","guid":{"rendered":"https:\/\/archivioturi.lavocedelpaese.info\/index.php\/2019\/07\/02\/rossano-sasso-in-visita-a-turi\/"},"modified":"2019-07-02T06:00:59","modified_gmt":"2019-07-02T06:00:59","slug":"rossano-sasso-in-visita-a-turi","status":"publish","type":"post","link":"https:\/\/archivioturi.lavocedelpaese.info\/index.php\/2019\/07\/02\/rossano-sasso-in-visita-a-turi\/","title":{"rendered":"Rossano Sasso in visita a Turi"},"content":{"rendered":"<p><img loading=\"lazy\" decoding=\"async\" src=\"https:\/\/live.staticflickr.com\/65535\/48147282597_8de5dbea6b_n.jpg\" alt=\"Rossano Sasso  (3)\" style=\"margin: 6px;\" width=\"320\" height=\"208\" \/><\/p>\n<p style=\"text-align: center;\"><strong>Sopralluogo del deputato leghista presso la foresteria. \u201cQuesto stato di cose non si pu\u00f2 tollerare. Turi avr\u00e0 la mia personale attenzione\u201d<\/strong><\/p>\n<p>&nbsp;<\/p>\n<p style=\"text-align: justify;\">Luned\u00ec 24 giugno, l\u2019Onorevole Rossano Sasso si \u00e8 recato in visita a Turi, raccogliendo l\u2019invito del sindaco Tina Resta e dell\u2019assessore alla sicurezza Graziano Gigantelli, intenzionati fin da ora a costruire una rete di relazioni con le Istituzioni sovracomunali per affrontare il fenomeno dei lavoratori stagionali in maniera controllata e sicura, favorendo un corretto processo di integrazione.<\/p>\n<p><img loading=\"lazy\" decoding=\"async\" src=\"https:\/\/live.staticflickr.com\/65535\/48147197561_b9fd9ffbb5_n.jpg\" alt=\"Rossano Sasso  (2)\" style=\"margin: 6px; float: right;\" width=\"320\" height=\"156\" \/><\/p>\n<p style=\"text-align: justify;\">Dopo un breve confronto con alcuni cittadini, il deputato leghista \u00e8 stato accolto a Palazzo di Citt\u00e0 dove ha avuto un colloquio con il primo cittadino, il vicesindaco Fabio Topputi e lo stesso assessore Gigantelli. L\u2019occasione \u00e8 stata propizia per fare il punto sulle criticit\u00e0 rilevate e sui correttivi che andrebbero apportati all\u2019attuale modello d\u2019accoglienza, al fine di evitare che si verifichino episodi di disordine pubblico o che si alimentino pericolose tensioni sociali.<\/p>\n<p style=\"text-align: justify;\">La delegazione, accompagnata da una pattuglia dei Carabinieri della locale Stazione e dalla Polizia Municipale, si \u00e8 poi recata presso la foresteria. L\u2019Onorevole Sasso ha potuto costatare di persona ci\u00f2 che accade dentro e fuori il campo d\u2019accoglienza, raccogliendo la testimonianza del referente della cooperativa \u201cNoi e Voi\u201d, che per il secondo anno \u00e8 stata chiamata a gestire la foresteria.<\/p>\n<p style=\"text-align: justify;\">A conclusione del sopralluogo, il deputato ha accettato di condividere le sue impressioni, rispondendo alle nostre domande.<\/p>\n<p style=\"text-align: justify;\">&nbsp;<\/p>\n<p><img loading=\"lazy\" decoding=\"async\" src=\"https:\/\/live.staticflickr.com\/65535\/48147197416_bbfc23fa68_n.jpg\" alt=\"Rossano Sasso  (4)\" style=\"margin: 6px; float: left;\" width=\"320\" height=\"231\" \/><\/p>\n<p style=\"text-align: justify;\"><strong>Cosa ha riscontrato nella sua visita alla foresteria?<\/strong><\/p>\n<p style=\"text-align: justify;\">\u00abAll\u2019interno del campo \u00e8 tutto in ordine, la foresteria \u00e8 condotta in maniera egregia e viene garantita la dignit\u00e0 dei lavoratori, che possono trovare ristoro dopo una giornata di lavoro. I problemi iniziano all\u2019esterno: ci sono accampamenti di fortuna, con i braccianti che vivono in tende o auto. Una situazione davvero indecorosa cui si aggiunge il problema dei controlli: a differenza dei lavoratori ospitati nella foresteria, in questi casi non \u00e8 dato sapere se ci sia un regolare contratto, dove questa manodopera venga impiegata e se le condizioni di ingaggio rispettino la legge.<\/p>\n<p style=\"text-align: justify;\">Tra l\u2019altro, oggi ne abbiamo viste una quindicina ma mi \u00e8 stato detto dal sindaco e dall\u2019assessore alla sicurezza che nei giorni passati ce n\u2019erano molte di pi\u00f9. Questo stato di cose non si pu\u00f2 tollerare e in futuro dovranno essere impiegate risorse sufficienti a gestire la contingenza il fenomeno nel miglior modo possibile\u00bb.<\/p>\n<p style=\"text-align: justify;\">&nbsp;<\/p>\n<p><img loading=\"lazy\" decoding=\"async\" src=\"https:\/\/live.staticflickr.com\/65535\/48147282522_82f371149d_n.jpg\" alt=\"Rossano Sasso  (5)\" style=\"margin: 6px; float: right;\" width=\"320\" height=\"252\" \/><\/p>\n<p style=\"text-align: justify;\"><strong>E per quanto riguarda il \u201cproblema sicurezza\u201d?<\/strong><\/p>\n<p style=\"text-align: justify;\">\u00abSono convinto che chi ha dato fastidio ai cittadini di Turi non \u00e8 il lavoratore che si spacca la schiena tutto il giorno sotto il sole e poi va nei moduli abitativi avendone diritto, ma \u00e8 qualcuno che non lavora, o lavora un giorno al mese, e non trova niente di meglio da fare che ubriacarsi e importunare i cittadini.<\/p>\n<p style=\"text-align: justify;\">I braccianti extracomunitari con regolare permesso di soggiorno, che vengono a Turi per lavorare, sono i benvenuti; nessuna tolleranza invece per quanti pensano di poter bivaccare in paese, in spregio alle norme del rispetto e della civile convivenza. Insieme alla Lega, all\u2019assessore Gigantelli e al sindaco Resta, faremo di tutto perch\u00e9 in futuro ci sia una maggiore presenza dello Stato, pi\u00f9 controlli e anche pi\u00f9 ispezioni per verificare che tutti lavorino con un contratto regolare\u00bb.<\/p>\n<p style=\"text-align: justify;\">&nbsp;<\/p>\n<p style=\"text-align: justify;\"><strong>\u00c8 stata una \u201cvisita di cortesia\u201d o possiamo aspettarci un suo impegno nell\u2019immediato?<\/strong><\/p>\n<p style=\"text-align: justify;\">\u00abNon sono abituato a fare \u201cvisite di cortesia\u201d; la Lega ha sempre dato prova di agire per dare risposte concrete alle esigenze dei cittadini e non per inseguire il piacere effimero delle luci della ribalta mediatica. Da subito informer\u00f2 il Prefetto della mia visita a Turi perch\u00e9, se \u00e8 vero che la raccolta cerasicola termina tra pochi giorni, \u00e8 anche vero che a breve inizier\u00e0 la campagna dell\u2019acinino e non vorrei che si possa ripresentare quello che \u00e8 successo a met\u00e0 maggio per le ciliegie.<\/p>\n<p style=\"text-align: justify;\">Turi avr\u00e0 la mia personale attenzione in virt\u00f9 del costante rapporto con il segretario cittadino e assessore Gigantelli. Inoltre, avete inoltre un sindaco operativo che, nonostante sia in carica da poche settimane, si \u00e8 subito sobbarcato tutte le questioni lasciate in sospeso. Certo, chi lo ha preceduto avrebbe potuto sollevare le criticit\u00e0 emerse nell\u2019accoglienza ben prima: non posso pensare che i problemi si presentino solo oggi, visto che questa foresteria c\u2019\u00e8 da due anni. Ad ogni modo, cercheremo di rimediare alla noncuranza del passato\u00bb.<\/p>\n<p style=\"text-align: right;\"><strong>FD<\/strong><\/p>\n","protected":false},"excerpt":{"rendered":"<p><img loading=\"lazy\" decoding=\"async\" src=\"https:\/\/live.staticflickr.com\/65535\/48147282597_8de5dbea6b_n.jpg\" alt=\"Rossano Sasso  (3)\" style=\"margin: 6px;\" width=\"320\" height=\"208\" \/><\/p>\n","protected":false},"author":1,"featured_media":0,"comment_status":"open","ping_status":"closed","sticky":false,"template":"","format":"standard","meta":{"colormag_page_container_layout":"default_layout","colormag_page_sidebar_layout":"default_layout","footnotes":""},"categories":[4],"tags":[],"class_list":["post-16709","post","type-post","status-publish","format-standard","hentry","category-politica"],"_links":{"self":[{"href":"https:\/\/archivioturi.lavocedelpaese.info\/index.php\/wp-json\/wp\/v2\/posts\/16709","targetHints":{"allow":["GET"]}}],"collection":[{"href":"https:\/\/archivioturi.lavocedelpaese.info\/index.php\/wp-json\/wp\/v2\/posts"}],"about":[{"href":"https:\/\/archivioturi.lavocedelpaese.info\/index.php\/wp-json\/wp\/v2\/types\/post"}],"author":[{"embeddable":true,"href":"https:\/\/archivioturi.lavocedelpaese.info\/index.php\/wp-json\/wp\/v2\/users\/1"}],"replies":[{"embeddable":true,"href":"https:\/\/archivioturi.lavocedelpaese.info\/index.php\/wp-json\/wp\/v2\/comments?post=16709"}],"version-history":[{"count":0,"href":"https:\/\/archivioturi.lavocedelpaese.info\/index.php\/wp-json\/wp\/v2\/posts\/16709\/revisions"}],"wp:attachment":[{"href":"https:\/\/archivioturi.lavocedelpaese.info\/index.php\/wp-json\/wp\/v2\/media?parent=16709"}],"wp:term":[{"taxonomy":"category","embeddable":true,"href":"https:\/\/archivioturi.lavocedelpaese.info\/index.php\/wp-json\/wp\/v2\/categories?post=16709"},{"taxonomy":"post_tag","embeddable":true,"href":"https:\/\/archivioturi.lavocedelpaese.info\/index.php\/wp-json\/wp\/v2\/tags?post=16709"}],"curies":[{"name":"wp","href":"https:\/\/api.w.org\/{rel}","templated":true}]}}