{"id":16672,"date":"2019-06-20T08:56:14","date_gmt":"2019-06-20T08:56:14","guid":{"rendered":"https:\/\/archivioturi.lavocedelpaese.info\/index.php\/2019\/06\/20\/turi-si-veste-di-ciliegi\/"},"modified":"2019-06-20T08:56:14","modified_gmt":"2019-06-20T08:56:14","slug":"turi-si-veste-di-ciliegi","status":"publish","type":"post","link":"https:\/\/archivioturi.lavocedelpaese.info\/index.php\/2019\/06\/20\/turi-si-veste-di-ciliegi\/","title":{"rendered":"Turi si veste di ciliegi"},"content":{"rendered":"<p><img loading=\"lazy\" decoding=\"async\" src=\"https:\/\/live.staticflickr.com\/65535\/48064209556_425bbe92be_n.jpg\" alt=\"Serena Costantino\" width=\"255\" height=\"320\" \/><\/p>\n<p style=\"text-align: center;\"><strong>Installazioni artistiche della paper artist Serena Costantino<\/strong><\/p>\n<p style=\"text-align: justify;\">Ha rappresentato sicuramente una novit\u00e0 della 29esima Sagra della Ciliegia Ferrovia. Sono i fiori di Serena Costantino, paper artist, rappresentazioni in carta di fiori di ciliegio installati nel centro storico e all\u2019ingresso dell\u2019arco del Palazzo Marchesale.<\/p>\n<p style=\"text-align: justify;\">Sono questi alcuni degli elementi della Sagra maggiormente fotografati, per la loro particolarit\u00e0 e la bellezza che conferivano alla struttura architettonica. Semplicemente meravigliosi, hanno donato un tocco di classe al Palazzo, quasi fossero un elemento proprio della struttura. Realizzati in gomma eva, hanno necessitato un lavoro intenso di circa un mese, prima di rappresentare una firma della Sagra turese 2019.<\/p>\n<p style=\"text-align: justify;\">\u201cAl termine di questo percorso durato per me un mesetto (molto molto intenso) &#8211; ha scritto l\u2019artista sulla sua bacheca Facebook &#8211; ringrazio per avermi dato la possibilit\u00e0 di esprimermi Livio Lerede, Daniela Angelillo e tutti quelli che dietro le quinte si impegnano per dare a noi una Sagra degna dell\u2019oro che festeggiamo.<\/p>\n<p style=\"text-align: justify;\">\u201cGrazie Andrea Saffi per aver messo a disposizione quei meravigliosi rami, la sua esperienza ed aver montato con cura i miei fiori, grazie anche a chi ha dato a lui tutto il merito, ovviamente, significa che \u00e8 un lavoro degno del suo nome, grazie a chi ha preso in prestito di notte i fiori come souvenir, non avendo rispetto del lavoro, del paese e del bene comune. Grazie a Paolo Florio, instancabile lavoratore, gentile e sempre disponibile. Grazie a tutti voi per i complimenti ed il sostegno\u2026\u201d.<\/p>\n<p style=\"text-align: justify;\">Ci auguriamo di vedere pi\u00f9 spesso queste meraviglie artistiche abbellire il nostro paese e, chiss\u00e0, fiori di ciliegio ad adornare Turi e le sue bellezze architettoniche, cos\u00ec da raccontare, ogni giorno, il frutto che maggiormente ci contraddistingue in tutto il mondo.<\/p>\n<p style=\"text-align: justify;\">Serena Costantino, al suo battesimo nella partecipazione artistica di un evento cittadino, \u00e8 da qualche tempo sotto i riflettori degli amanti delle creazioni artistiche floreali. Con grande maestria e naturalezza, \u00e8 in grado di realizzare, anche con materiali semplici o da riciclo, strutture che lasciano senza fiato. Grande manualit\u00e0 e tanta passione le permettono, ogni giorno, di stupire quanti, seguendo le sue pagine sui social, possono ammirare le sue creazioni. E tra le mura del suo laboratorio, nel centro storico turese, con carta, colla e forbici, mette insieme petali per fiori realistici e incantevoli.<\/p>\n<p style=\"text-align: right;\"><strong>C.D.<\/strong><\/p>\n","protected":false},"excerpt":{"rendered":"<p><img loading=\"lazy\" decoding=\"async\" src=\"https:\/\/live.staticflickr.com\/65535\/48064209556_425bbe92be_n.jpg\" alt=\"Serena Costantino\" width=\"255\" height=\"320\" \/><\/p>\n","protected":false},"author":1,"featured_media":0,"comment_status":"open","ping_status":"closed","sticky":false,"template":"","format":"standard","meta":{"colormag_page_container_layout":"default_layout","colormag_page_sidebar_layout":"default_layout","footnotes":""},"categories":[6],"tags":[],"class_list":["post-16672","post","type-post","status-publish","format-standard","hentry","category-cultura"],"_links":{"self":[{"href":"https:\/\/archivioturi.lavocedelpaese.info\/index.php\/wp-json\/wp\/v2\/posts\/16672","targetHints":{"allow":["GET"]}}],"collection":[{"href":"https:\/\/archivioturi.lavocedelpaese.info\/index.php\/wp-json\/wp\/v2\/posts"}],"about":[{"href":"https:\/\/archivioturi.lavocedelpaese.info\/index.php\/wp-json\/wp\/v2\/types\/post"}],"author":[{"embeddable":true,"href":"https:\/\/archivioturi.lavocedelpaese.info\/index.php\/wp-json\/wp\/v2\/users\/1"}],"replies":[{"embeddable":true,"href":"https:\/\/archivioturi.lavocedelpaese.info\/index.php\/wp-json\/wp\/v2\/comments?post=16672"}],"version-history":[{"count":0,"href":"https:\/\/archivioturi.lavocedelpaese.info\/index.php\/wp-json\/wp\/v2\/posts\/16672\/revisions"}],"wp:attachment":[{"href":"https:\/\/archivioturi.lavocedelpaese.info\/index.php\/wp-json\/wp\/v2\/media?parent=16672"}],"wp:term":[{"taxonomy":"category","embeddable":true,"href":"https:\/\/archivioturi.lavocedelpaese.info\/index.php\/wp-json\/wp\/v2\/categories?post=16672"},{"taxonomy":"post_tag","embeddable":true,"href":"https:\/\/archivioturi.lavocedelpaese.info\/index.php\/wp-json\/wp\/v2\/tags?post=16672"}],"curies":[{"name":"wp","href":"https:\/\/api.w.org\/{rel}","templated":true}]}}