{"id":16669,"date":"2019-06-19T09:05:55","date_gmt":"2019-06-19T09:05:55","guid":{"rendered":"https:\/\/archivioturi.lavocedelpaese.info\/index.php\/2019\/06\/19\/cartoline-da-turi\/"},"modified":"2019-06-19T09:05:55","modified_gmt":"2019-06-19T09:05:55","slug":"cartoline-da-turi","status":"publish","type":"post","link":"https:\/\/archivioturi.lavocedelpaese.info\/index.php\/2019\/06\/19\/cartoline-da-turi\/","title":{"rendered":"Cartoline da Turi"},"content":{"rendered":"<p><img loading=\"lazy\" decoding=\"async\" src=\"https:\/\/live.staticflickr.com\/65535\/48064138063_5a82e68030_n.jpg\" alt=\"sagra vecchi tempi (6)\" width=\"320\" height=\"240\" \/><\/p>\n<p style=\"text-align: center;\"><strong>Un centro storico vestito di rosso per raccontare l\u2019arte contadina<\/strong><\/p>\n<p style=\"text-align: justify;\">\u201cSquadra che vince, non si cambia!\u201d. Recita cos\u00ec il famoso detto irlandese ormai entrato nel linguaggio comune. Ed \u00e8 sicuramente applicabile ai soci dei \u201cVecchi Tempi\u201d, capitanati dall\u2019instancabile e creativo Paolo Florio, che hanno confezionato, passateci il termine, il centro storico, per accogliere una passeggiata temporale, simbolica, tra le vie della natura.<\/p>\n<p style=\"text-align: justify;\">Per tre giorni, ma con la necessit\u00e0 di un lavoro molto pi\u00f9 lungo, i soci dei Vecchi Tempi hanno raccontato \u201cdallo sbocciare, alla raccolta\u201d l\u2019arte contadina legata al frutto della ciliegia. Una passeggiata che, tra i vicoli del centro storico turese, ha permesso ai tantissimi visitatori, di lasciarsi incantare dall\u2019atmosfera antica, ma mai dimenticata, della coltivazione della terra, con i mezzi e le modalit\u00e0 impiegate dai nostri nonni.<\/p>\n<p style=\"text-align: justify;\">Ecco che sciarrette, calessi e attrezzi da sella, disposti in piazza Gonnelli hanno segnato il nascere dei primi boccioli che, con la cura che un padre contadino gli dona, diventeranno magnifici frutti. Quindi, seguendo il sentiero rosso Ferrovia, nella piazzetta dinanzi a Santa Chiara, un ragazzino ara un appezzamento di terra, con un aratro che ha visto tanti campi e si \u00e8 fatto toccare da secoli di mani dure e callose. \u00c8 con il suo lavoro, tra le intemperie dell\u2019inverno e sotto il sole della calda primavera, che il contadino raccoglie i suoi frutti e pu\u00f2 far festa. Un cuore rosso campeggia in piazza Capitano Colapietro dove, festanti, gruppi folcloristici danzano il raccolto appena terminato, racconto di un anno pieno di lavoro, fatica, sudore, speranze. Un lavoro che presto ricomincer\u00e0, che a breve seguir\u00e0 nuovamente il suo ciclo, ma che per ora ha lasciato un sorriso sul contadino e la sua famiglia che pu\u00f2 godere di qualche ora di svago durante la stagione estiva.<\/p>\n<p style=\"text-align: justify;\">\u00c8 la festa del ciliegio, \u00e8 la festa della ciliegia, \u00e8 la festa della natura. \u00c8 la festa dei turesi. Ed \u00e8 con un attento racconto figurato che I Vecchi Tempi hanno donato alla 29esima Sagra della Ciliegia Ferrovia il loro lavoro. Davvero bravi!<\/p>\n<p style=\"text-align: justify;\">\u201cRingrazio l\u2019Associazione In Piazza per la fiducia che ogni anno ripongono in noi\u201d &#8211; sorride con la sua umilt\u00e0 e orgoglio Paolo Florio, presidente dell\u2019associazione I Vecchi Tempi, pago dei complimenti che sono giunti alla sua associazione dai tantissimi visitatori della Sagra. \u201cGrazie a Livio Lerede e a Daniela Angelillo, che ci ha seguiti in questa realizzazione. Grazie a chi ci ha aiutato a reperire alcuni materiali messi in mostra, come le balle di fieno concessa da Masseria Musacco. Grazie al Viandante, a Donato Raguso per la sua disponibilit\u00e0 con i cesti di paglia, a Vincenzo Cipriani e a Giuseppe Scotella che ci ha aiutato con la cartapesta. Un sentito ringraziamento va ai residenti del centro storico, per la loro disponibilit\u00e0 a fornire acqua o quanto necessario nei giorni di preparazione degli allestimenti. Ovviamente grazie ai miei soci di associazione, in particolar modo al vicepresidente Paolo Borracci, per il continuo impegno e lavoro\u201d.<\/p>\n<p><img loading=\"lazy\" decoding=\"async\" src=\"https:\/\/live.staticflickr.com\/65535\/48064138228_316a9678d3_z.jpg\" alt=\"sagra vecchi tempi (2)\" width=\"640\" height=\"480\" \/><\/p>\n<p><img loading=\"lazy\" decoding=\"async\" src=\"https:\/\/live.staticflickr.com\/65535\/48064193332_0bdf7f0e74_z.jpg\" alt=\"sagra vecchi tempi (3)\" width=\"640\" height=\"480\" \/><\/p>\n<p><img loading=\"lazy\" decoding=\"async\" src=\"https:\/\/live.staticflickr.com\/65535\/48064088376_320ecc10f6_z.jpg\" alt=\"sagra vecchi tempi (4)\" width=\"640\" height=\"480\" \/><\/p>\n<p><img loading=\"lazy\" decoding=\"async\" src=\"https:\/\/live.staticflickr.com\/65535\/48064193132_d8374bc5c3_z.jpg\" alt=\"sagra vecchi tempi (5)\" width=\"640\" height=\"480\" \/><\/p>\n<p><img loading=\"lazy\" decoding=\"async\" src=\"https:\/\/live.staticflickr.com\/65535\/48064138758_e0e9f770db_z.jpg\" alt=\"sagra vecchi tempi (1)\" style=\"display: block; margin-left: auto; margin-right: auto;\" width=\"480\" height=\"640\" \/><\/p>\n","protected":false},"excerpt":{"rendered":"<p><img loading=\"lazy\" decoding=\"async\" src=\"https:\/\/live.staticflickr.com\/65535\/48064138063_5a82e68030_n.jpg\" alt=\"sagra vecchi tempi (6)\" width=\"320\" height=\"240\" \/><\/p>\n","protected":false},"author":1,"featured_media":0,"comment_status":"open","ping_status":"closed","sticky":false,"template":"","format":"standard","meta":{"colormag_page_container_layout":"default_layout","colormag_page_sidebar_layout":"default_layout","footnotes":""},"categories":[6],"tags":[],"class_list":["post-16669","post","type-post","status-publish","format-standard","hentry","category-cultura"],"_links":{"self":[{"href":"https:\/\/archivioturi.lavocedelpaese.info\/index.php\/wp-json\/wp\/v2\/posts\/16669","targetHints":{"allow":["GET"]}}],"collection":[{"href":"https:\/\/archivioturi.lavocedelpaese.info\/index.php\/wp-json\/wp\/v2\/posts"}],"about":[{"href":"https:\/\/archivioturi.lavocedelpaese.info\/index.php\/wp-json\/wp\/v2\/types\/post"}],"author":[{"embeddable":true,"href":"https:\/\/archivioturi.lavocedelpaese.info\/index.php\/wp-json\/wp\/v2\/users\/1"}],"replies":[{"embeddable":true,"href":"https:\/\/archivioturi.lavocedelpaese.info\/index.php\/wp-json\/wp\/v2\/comments?post=16669"}],"version-history":[{"count":0,"href":"https:\/\/archivioturi.lavocedelpaese.info\/index.php\/wp-json\/wp\/v2\/posts\/16669\/revisions"}],"wp:attachment":[{"href":"https:\/\/archivioturi.lavocedelpaese.info\/index.php\/wp-json\/wp\/v2\/media?parent=16669"}],"wp:term":[{"taxonomy":"category","embeddable":true,"href":"https:\/\/archivioturi.lavocedelpaese.info\/index.php\/wp-json\/wp\/v2\/categories?post=16669"},{"taxonomy":"post_tag","embeddable":true,"href":"https:\/\/archivioturi.lavocedelpaese.info\/index.php\/wp-json\/wp\/v2\/tags?post=16669"}],"curies":[{"name":"wp","href":"https:\/\/api.w.org\/{rel}","templated":true}]}}