{"id":16668,"date":"2019-06-19T06:40:55","date_gmt":"2019-06-19T06:40:55","guid":{"rendered":"https:\/\/archivioturi.lavocedelpaese.info\/index.php\/2019\/06\/19\/pancia-a-terra-e-pensiamo-a-turi\/"},"modified":"2019-06-19T06:40:55","modified_gmt":"2019-06-19T06:40:55","slug":"pancia-a-terra-e-pensiamo-a-turi","status":"publish","type":"post","link":"https:\/\/archivioturi.lavocedelpaese.info\/index.php\/2019\/06\/19\/pancia-a-terra-e-pensiamo-a-turi\/","title":{"rendered":"\u201cPancia a terra e pensiamo a Turi\u201d"},"content":{"rendered":"<p><img loading=\"lazy\" decoding=\"async\" src=\"https:\/\/live.staticflickr.com\/65535\/48064082691_010eae07c5_n.jpg\" alt=\"Giovanni Settanni\" width=\"226\" height=\"320\" \/><\/p>\n<p style=\"text-align: center;\"><strong>Giovanni Settanni: \u201cAssessori e consiglieri devono \u2018trottare\u2019 per uscire da questo pantano\u201d<\/strong><\/p>\n<p style=\"text-align: justify;\">Soddisfatto dei primi giorni del governo Resta, Giovanni Settanni, militante di Fratelli d\u2019Italia, centra il suo ragionamento sulla necessit\u00e0 che l\u2019intera maggioranza, a prescindere dagli incarichi e dalle deleghe, si impegni per traghettare Turi fuori dal pantano in cui si trova.<\/p>\n<p style=\"text-align: justify;\">L\u2019appello ai consiglieri e ai futuri assessori e a non commettere gli errori del passato, sentendosi &#8220;arrivati&#8221; e smettendo di confrontarsi con i cittadini. Tutti devono \u201ctrottare\u201d per risolvere i problemi che il paese trascina con s\u00e9 da anni, liberandosi dalla zavorra che impedisce il salto di qualit\u00e0.<\/p>\n<p style=\"text-align: justify;\">Quanto all\u2019ipotetica \u201cpresa di distanza\u201d da parte di Michele Boccardi, Settanni la riporta nell\u2019alveo del normale avvicendamento di responsabilit\u00e0, nel rispetto dei reciprochi ruoli. Michele Boccardi, \u201cleader riconosciuto del centrodestra turese\u201d, dovr\u00e0 proseguire la sua missione politica, continuando a essere garante del progetto unitario della coalizione; Tina Resta \u00e8 stata scelta dai cittadini come sindaco e a lei spetta \u201cla parte amministrativa, con le decisioni da prendere e le responsabilit\u00e0 annesse\u201d.<\/p>\n<p style=\"text-align: justify;\">&nbsp;<\/p>\n<p style=\"text-align: justify;\"><strong>Partiamo dal risultato delle amministrative. L&#8217;ha sorpresa o se lo aspettava?<\/strong><\/p>\n<p style=\"text-align: justify;\">\u00abIl risultato delle amministrative non \u00e8 stato una grande sorpresa perch\u00e9 i turesi, dopo l&#8217;ennesima amministrazione &#8220;caduta&#8221;, hanno voglia di amministratori che inizino veramente a governare il Paese. C\u2019\u00e8 bisogno di tanto impegno e anche di scelte impopolari per uscire da questo &#8220;pantano&#8221;\u00bb.<\/p>\n<p style=\"text-align: justify;\">&nbsp;<\/p>\n<p style=\"text-align: justify;\"><strong>Cosa apprezza e cosa non la convince della squadra degli eletti?<\/strong><\/p>\n<p style=\"text-align: justify;\">\u00abLa sovranit\u00e0 appartiene al popolo, per cui i voti non si discutono n\u00e9 si scrivono \u201clagne\u201d stucchevoli su Facebook, come ho letto per tanti sconfitti di questa tornata elettorale. Il risultato consegnato dalle urne si esamina per capire dove migliorare e come fare meglio la prossima volta. Per chi intende la politica come una missione, le elezioni sono una verifica importante ma non un punto di arrivo del fare politico\u00bb.<\/p>\n<p style=\"text-align: justify;\">&nbsp;<\/p>\n<p style=\"text-align: justify;\"><strong>Come valuta l&#8217;esordio del governo Resta?<\/strong><\/p>\n<p style=\"text-align: justify;\">\u00abL&#8217;esordio dell&#8217;Amministrazione Resta \u00e8 stato buono perch\u00e9 finalmente i turesi hanno la possibilit\u00e0 di interfacciarsi con il proprio primo cittadino. Il mio augurio e auspicio \u00e8 che i prossimi componenti della Giunta e i consiglieri di maggioranza non cadano negli errori del passato! Non devono sentirsi &#8220;arrivati&#8221; ma devono continuare a stare tra la gente! Abbiamo gi\u00e0 visto troppi &#8220;mezzi politici&#8221; che si sentivano gi\u00e0 statisti e poi, dopo la fine della loro esperienza amministrativa, non riescono a parlare neanche con gli alberi della Villa Comunale\u00bb.<\/p>\n<p style=\"text-align: justify;\">&nbsp;<\/p>\n<p style=\"text-align: justify;\"><strong>A suo parere si riuscir\u00e0 a comporre la Giunta rispettando gli equilibri tra i partiti o qualcuno verr\u00e0 escluso?<\/strong><\/p>\n<p style=\"text-align: justify;\">\u00abTutti i partiti saranno rappresentati degnamente nella Giunta. Voglio per\u00f2 ricordare che non solo i componenti della Giunta hanno responsabilit\u00e0 di governo ma anche i consiglieri, che con le deleghe assegnate dal primo cittadino devono &#8220;trottare&#8221;. Ripeto, qui c\u2019\u00e8 tanto da lavorare; per cui &#8220;pancia a terra&#8221; e pensiamo a Turi!\u00bb.<\/p>\n<p style=\"text-align: justify;\">&nbsp;<\/p>\n<p style=\"text-align: justify;\"><strong>Quali sono i benefici politici che l\u2019amministrazione pu\u00f2 avere dall\u2019opzione dell\u2019assessorato esterno?<\/strong><\/p>\n<p style=\"text-align: justify;\">\u00abL&#8217;assessore tecnico avr\u00e0 la possibilit\u00e0 di poter dare una mano nell&#8217;amministrare questo Comune e sar\u00e0 giudicato sia dalla parte politica che dai cittadini, come tutti gli altri assessori. Sono e siamo tutti sotto giudizio, Turi non pu\u00f2 permettersi altri errori!\u00bb.<\/p>\n<p style=\"text-align: justify;\">&nbsp;<\/p>\n<p style=\"text-align: justify;\"><strong>Michele Boccardi sarebbe ritornato in panchina lasciando a Tina Resta il compito di guidare la squadra. Un atto di fiducia o una presa di distanza?<\/strong><\/p>\n<p style=\"text-align: justify;\">\u00abMichele Boccardi \u00e8 il leader riconosciuto del centrodestra turese e quello che \u00e8 riuscito dopo anni di litigi a mettere tutti d&#8217;accordo. La sua missione non \u00e8 per niente finita ma la parte amministrativa ora tocca al Sindaco, con le decisioni da prendere e le responsabilit\u00e0 annesse. Anzi, auguro con il tutto il cuore che si risolva il problema &#8220;romano&#8221; di Michele Boccardi. Leggendo la prima pagina de &#8220;Il Tempo&#8221; di qualche giorno fa, questa faccenda sta diventando una farsa che penalizza lui, la giustizia e il nostro territorio!\u00bb.<\/p>\n<p style=\"text-align: right;\"><strong>FD<\/strong><\/p>\n","protected":false},"excerpt":{"rendered":"<p><img loading=\"lazy\" decoding=\"async\" src=\"https:\/\/live.staticflickr.com\/65535\/48064082691_010eae07c5_n.jpg\" alt=\"Giovanni Settanni\" width=\"226\" height=\"320\" \/><\/p>\n","protected":false},"author":1,"featured_media":0,"comment_status":"open","ping_status":"closed","sticky":false,"template":"","format":"standard","meta":{"colormag_page_container_layout":"default_layout","colormag_page_sidebar_layout":"default_layout","footnotes":""},"categories":[4],"tags":[],"class_list":["post-16668","post","type-post","status-publish","format-standard","hentry","category-politica"],"_links":{"self":[{"href":"https:\/\/archivioturi.lavocedelpaese.info\/index.php\/wp-json\/wp\/v2\/posts\/16668","targetHints":{"allow":["GET"]}}],"collection":[{"href":"https:\/\/archivioturi.lavocedelpaese.info\/index.php\/wp-json\/wp\/v2\/posts"}],"about":[{"href":"https:\/\/archivioturi.lavocedelpaese.info\/index.php\/wp-json\/wp\/v2\/types\/post"}],"author":[{"embeddable":true,"href":"https:\/\/archivioturi.lavocedelpaese.info\/index.php\/wp-json\/wp\/v2\/users\/1"}],"replies":[{"embeddable":true,"href":"https:\/\/archivioturi.lavocedelpaese.info\/index.php\/wp-json\/wp\/v2\/comments?post=16668"}],"version-history":[{"count":0,"href":"https:\/\/archivioturi.lavocedelpaese.info\/index.php\/wp-json\/wp\/v2\/posts\/16668\/revisions"}],"wp:attachment":[{"href":"https:\/\/archivioturi.lavocedelpaese.info\/index.php\/wp-json\/wp\/v2\/media?parent=16668"}],"wp:term":[{"taxonomy":"category","embeddable":true,"href":"https:\/\/archivioturi.lavocedelpaese.info\/index.php\/wp-json\/wp\/v2\/categories?post=16668"},{"taxonomy":"post_tag","embeddable":true,"href":"https:\/\/archivioturi.lavocedelpaese.info\/index.php\/wp-json\/wp\/v2\/tags?post=16668"}],"curies":[{"name":"wp","href":"https:\/\/api.w.org\/{rel}","templated":true}]}}