{"id":16653,"date":"2019-06-12T22:16:58","date_gmt":"2019-06-12T22:16:58","guid":{"rendered":"https:\/\/archivioturi.lavocedelpaese.info\/index.php\/2019\/06\/12\/birra-lucana-i-sapori-della-basilicata-a-tavola\/"},"modified":"2019-06-12T22:16:58","modified_gmt":"2019-06-12T22:16:58","slug":"birra-lucana-i-sapori-della-basilicata-a-tavola","status":"publish","type":"post","link":"https:\/\/archivioturi.lavocedelpaese.info\/index.php\/2019\/06\/12\/birra-lucana-i-sapori-della-basilicata-a-tavola\/","title":{"rendered":"Birra Lucana, i sapori della Basilicata a tavola"},"content":{"rendered":"<p><img loading=\"lazy\" decoding=\"async\" src=\"https:\/\/live.staticflickr.com\/65535\/48051933076_6f05359e07_n.jpg\" alt=\"62140806_338228646843303_1367007710003855360_n\" width=\"320\" height=\"256\" \/><\/p>\n<p style=\"text-align: center;\"><strong>Nel ventennale dell\u2019attivit\u00e0 l\u2019ultima nata fortemente caratterizzata col territorio<\/strong><\/p>\n<p style=\"text-align: justify;\">Dal cuore della Basilicata alla conquista del mondo. Nasce Birra Lucana, l\u2019ultima di casa Morena. Dalle terre incontaminate della Basilicata l\u00ec dove l\u2019acqua sorgiva \u00e8 di una purezza ineguagliabile, l\u2019orzo \u00e8 coltivato secondo tradizioni secolari alle pendici delle colline del Vulture e trasformato a Melfi nell\u2019unica malteria del Sud Italia per dare corpo ad un vero e proprio tesoro lucano.<\/p>\n<p style=\"text-align: justify;\">\u201cBirra Lucana \u00e8 dedicata alla nostra terra nel ventennale dell\u2019attivit\u00e0, spiegano i fratelli Tarricone titolari dell\u2019azienda che la produce a Balvano in provincia di Potenza. E\u2019 una birra premium di alta qualit\u00e0 concepita con malto d\u2019orzo 100% lucano e con un processo di fermentazione tutto naturale. L\u2019etichetta \u00e8 studiata per unire la tradizione ed il buon gusto lucano alla modernit\u00e0 con i colori della Basilicata ed il suo blu che la caratterizza. Frutto di ricerca \u00e8 una lager premium da 4,8% alc vol nata per valorizzare ancor pi\u00f9 i prodotti della nostra terra\u201d.<\/p>\n<p style=\"text-align: justify;\">\u00c8 una birra che, in un anno particolare per la Basilicata, con Matera capitale europea della cultura, vuole essere anche un omaggio ad una regione ancora radicata in un\u2019autenticit\u00e0 senza tempo, che non smette di meravigliare l\u2019animo di chi la abita e di chi la porta con s\u00e9 in giro per il mondo. Appena prodotta ha gi\u00e0 conquistato un mercato importante come quello degli Usa.<\/p>\n<p style=\"text-align: justify;\">Birra Lucana \u00e8 la tredicesima nata in casa Morena a far compagnia alle otto famose craft beer prodotte e vincitrici di premi di assoluto valore a livello internazionale. L\u2019azienda sorge su un\u2019area di 120.000 mq di cui 60,000 coperti, ha una capacit\u00e0 produttiva di 200.000 hl. Oggi \u00e8 una realt\u00e0 sul mercato nazionale ed internazionale per aver investito tempo e risorse in progetti di alta qualit\u00e0 finalizzati alla produzione di birre con profumi e sentori piacevoli unici e complessi che hanno rappresentato degnamente il made in Italy nel mondo conquistando mercati in America, Cina, Regno Unito, Finlandia, Norvegia, Svezia, Francia, Germania, Emirati Arabi, Australia e Canada e tanti altri degni di nota.<\/p>\n<p style=\"text-align: justify;\">&nbsp;<\/p>\n<p style=\"text-align: justify;\">Ulteriori informazioni sull\u2019azienda sono anche reperibili sul sito <a href=\"http:\/\/www.birralucana.com\" target=\"_blank\" rel=\"noopener\">www.birralucana.com<\/a> <br \/> <strong>FB:<\/strong> <a href=\"https:\/\/it-it.facebook.com\/birramorena\/\" target=\"_blank\" rel=\"noopener\">https:\/\/it-it.facebook.com\/birramorena\/<\/a><\/p>\n","protected":false},"excerpt":{"rendered":"<p><img loading=\"lazy\" decoding=\"async\" src=\"https:\/\/live.staticflickr.com\/65535\/48051933076_6f05359e07_n.jpg\" alt=\"62140806_338228646843303_1367007710003855360_n\" width=\"320\" height=\"256\" \/><\/p>\n","protected":false},"author":1,"featured_media":0,"comment_status":"open","ping_status":"closed","sticky":false,"template":"","format":"standard","meta":{"colormag_page_container_layout":"default_layout","colormag_page_sidebar_layout":"default_layout","footnotes":""},"categories":[7],"tags":[],"class_list":["post-16653","post","type-post","status-publish","format-standard","hentry","category-attualita"],"_links":{"self":[{"href":"https:\/\/archivioturi.lavocedelpaese.info\/index.php\/wp-json\/wp\/v2\/posts\/16653","targetHints":{"allow":["GET"]}}],"collection":[{"href":"https:\/\/archivioturi.lavocedelpaese.info\/index.php\/wp-json\/wp\/v2\/posts"}],"about":[{"href":"https:\/\/archivioturi.lavocedelpaese.info\/index.php\/wp-json\/wp\/v2\/types\/post"}],"author":[{"embeddable":true,"href":"https:\/\/archivioturi.lavocedelpaese.info\/index.php\/wp-json\/wp\/v2\/users\/1"}],"replies":[{"embeddable":true,"href":"https:\/\/archivioturi.lavocedelpaese.info\/index.php\/wp-json\/wp\/v2\/comments?post=16653"}],"version-history":[{"count":0,"href":"https:\/\/archivioturi.lavocedelpaese.info\/index.php\/wp-json\/wp\/v2\/posts\/16653\/revisions"}],"wp:attachment":[{"href":"https:\/\/archivioturi.lavocedelpaese.info\/index.php\/wp-json\/wp\/v2\/media?parent=16653"}],"wp:term":[{"taxonomy":"category","embeddable":true,"href":"https:\/\/archivioturi.lavocedelpaese.info\/index.php\/wp-json\/wp\/v2\/categories?post=16653"},{"taxonomy":"post_tag","embeddable":true,"href":"https:\/\/archivioturi.lavocedelpaese.info\/index.php\/wp-json\/wp\/v2\/tags?post=16653"}],"curies":[{"name":"wp","href":"https:\/\/api.w.org\/{rel}","templated":true}]}}