{"id":16628,"date":"2019-06-03T08:54:51","date_gmt":"2019-06-03T08:54:51","guid":{"rendered":"https:\/\/archivioturi.lavocedelpaese.info\/index.php\/2019\/06\/03\/i-bersaglieri-turesi-al-raduno-nazionale-2\/"},"modified":"2019-06-03T08:54:51","modified_gmt":"2019-06-03T08:54:51","slug":"i-bersaglieri-turesi-al-raduno-nazionale-2","status":"publish","type":"post","link":"https:\/\/archivioturi.lavocedelpaese.info\/index.php\/2019\/06\/03\/i-bersaglieri-turesi-al-raduno-nazionale-2\/","title":{"rendered":"I Bersaglieri turesi al raduno nazionale"},"content":{"rendered":"<p><img loading=\"lazy\" decoding=\"async\" src=\"https:\/\/live.staticflickr.com\/65535\/47926565307_3d6d3f057d_n.jpg\" alt=\"bersaglieri turi (1)\" width=\"320\" height=\"240\" \/><\/p>\n<p style=\"text-align: center;\"><strong>A Matera per sfilare tra centomila cappelli piumati<\/strong><\/p>\n<p style=\"text-align: justify;\">Un fiume di cappelli piumati, un unico inno suonato di corsa: sono i centomila Bersaglieri che nella giornata di domenica 19 maggio hanno invaso la Capitale della Cultura per il 67esimo Raduno Nazionale. Erano presenti anche i soci dell\u2019Associazione \u201cA. Pedrizzi\u201d di Turi, che non hanno fatto mancare la loro presenza ad uno degli appuntamenti pi\u00f9 emozionanti per il Corpo.<\/p>\n<p style=\"text-align: justify;\">Il Raduno nazionale dei Bersaglieri \u00e8 un evento di grande portata che ogni anno coinvolge decine di migliaia di Bersaglieri e mette in moto la fervida e dinamica attivit\u00e0 di tutte le componenti di questa storica Associazione italiana, fondata nel 1886. Ma il 67esimo Raduno \u00e8 anche dedicato alla memoria di tutti i soldati che hanno combattuto sacrificando la propria vita per difendere la Patria e gli ideali di libert\u00e0. Tra un tripudio di suoni e colori di una citt\u00e0 in festa, i piumati hanno corso per le vie del centro di Matera accompagnati dalla frenesia delle piume al vento e dalle vibranti note di oltre 70 fanfare provenienti dall\u2019Italia e dall\u2019estero.<\/p>\n<p style=\"text-align: justify;\">Molte le autorit\u00e0 politiche e militari intervenute: il sottosegretario di Stato alla Difesa, Angelo Tofalo, il Capo di Stato Maggiore dell\u2019Esercito, generale di corpo d\u2019armata Salvatore Farina, il Comandante del Comando delle Forze Operative Sud, generale di corpo d\u2019armata Rosario Castellano, unitamente alle pi\u00f9 importanti autorit\u00e0 politiche e militari regionali.<\/p>\n<p style=\"text-align: justify;\">Un\u2019adunata imponente durante la quale il Sottosegretario di Stato alla Difesa, nel suo discorso, ha affermato che: \u201cI nostri bersaglieri, e come loro tutte le donne e gli uomini in uniforme, hanno giurato di servire le Istituzione e difendere la bandiera anche fino all\u2019estremo sacrificio. Questo vi rende speciali ed \u00e8 molto importante che tutti lo sappiano e ne comprendano il significato. Io sento forte il dovere di rappresentarvi pro tempore e farmi portavoce del vostro impegno quotidiano all\u2019estero e sul territorio nazionale. Siete l\u2019orgoglio del Paese e il cuore pulsante del Sistema Difesa italiano\u201d.<\/p>\n<p style=\"text-align: justify;\">Il capo di Stato Maggiore dell\u2019Esercito, nel porgere il suo saluto ai bersaglieri giunti a Matera, ha evidenziato: &#8220;I bersaglieri hanno saputo scrivere pagine memorabili, lungo i momenti pi\u00f9 significativi ed importanti della storia d\u2019Italia. Nel corso del Risorgimento, come nei conflitti mondiali e fino ai giorni nostri &#8211; ovunque impiegati &#8211; i fanti piumati hanno lasciato sempre un\u2019impronta indelebile, facendo emergere le migliori qualit\u00e0 dell\u2019italianit\u00e0 e del nostro popolo il quale, oggi come allora, riconosce nel baldo Bersagliere il riflesso di se stesso\u201d.<\/p>\n<p style=\"text-align: justify;\">L\u2019evento si \u00e8 concluso con il classico \u201cPassaggio della stecca\u201d tra il sindaco di Matera, Raffaello De Ruggieri, e l\u2019onorevole Enrico Stef\u00e0no, vice presidente vicario della giunta capitolina, in rappresentanza di Virginia Raggi, sindaca di Roma, citt\u00e0 che nel 2020, ospiter\u00e0 il 68\u00b0 Raduno Nazionale dei Bersaglieri.<\/p>\n<p style=\"text-align: right;\"><strong>CINZIA DE BIASE<\/strong><\/p>\n<p><img loading=\"lazy\" decoding=\"async\" src=\"https:\/\/live.staticflickr.com\/65535\/47926568433_17d35d69d6_z.jpg\" alt=\"bersaglieri turi (2)\" style=\"display: block; margin-left: auto; margin-right: auto;\" width=\"640\" height=\"360\" \/><\/p>\n","protected":false},"excerpt":{"rendered":"<p><img loading=\"lazy\" decoding=\"async\" src=\"https:\/\/live.staticflickr.com\/65535\/47926565307_3d6d3f057d_n.jpg\" alt=\"bersaglieri turi (1)\" width=\"320\" height=\"240\" \/><\/p>\n","protected":false},"author":1,"featured_media":0,"comment_status":"open","ping_status":"closed","sticky":false,"template":"","format":"standard","meta":{"colormag_page_container_layout":"default_layout","colormag_page_sidebar_layout":"default_layout","footnotes":""},"categories":[6],"tags":[],"class_list":["post-16628","post","type-post","status-publish","format-standard","hentry","category-cultura"],"_links":{"self":[{"href":"https:\/\/archivioturi.lavocedelpaese.info\/index.php\/wp-json\/wp\/v2\/posts\/16628","targetHints":{"allow":["GET"]}}],"collection":[{"href":"https:\/\/archivioturi.lavocedelpaese.info\/index.php\/wp-json\/wp\/v2\/posts"}],"about":[{"href":"https:\/\/archivioturi.lavocedelpaese.info\/index.php\/wp-json\/wp\/v2\/types\/post"}],"author":[{"embeddable":true,"href":"https:\/\/archivioturi.lavocedelpaese.info\/index.php\/wp-json\/wp\/v2\/users\/1"}],"replies":[{"embeddable":true,"href":"https:\/\/archivioturi.lavocedelpaese.info\/index.php\/wp-json\/wp\/v2\/comments?post=16628"}],"version-history":[{"count":0,"href":"https:\/\/archivioturi.lavocedelpaese.info\/index.php\/wp-json\/wp\/v2\/posts\/16628\/revisions"}],"wp:attachment":[{"href":"https:\/\/archivioturi.lavocedelpaese.info\/index.php\/wp-json\/wp\/v2\/media?parent=16628"}],"wp:term":[{"taxonomy":"category","embeddable":true,"href":"https:\/\/archivioturi.lavocedelpaese.info\/index.php\/wp-json\/wp\/v2\/categories?post=16628"},{"taxonomy":"post_tag","embeddable":true,"href":"https:\/\/archivioturi.lavocedelpaese.info\/index.php\/wp-json\/wp\/v2\/tags?post=16628"}],"curies":[{"name":"wp","href":"https:\/\/api.w.org\/{rel}","templated":true}]}}