{"id":16623,"date":"2019-06-01T07:00:48","date_gmt":"2019-06-01T07:00:48","guid":{"rendered":"https:\/\/archivioturi.lavocedelpaese.info\/index.php\/2019\/06\/01\/bianco-cede-la-vittoria-e-si-accontenta-dellargento\/"},"modified":"2019-06-01T07:00:48","modified_gmt":"2019-06-01T07:00:48","slug":"bianco-cede-la-vittoria-e-si-accontenta-dellargento","status":"publish","type":"post","link":"https:\/\/archivioturi.lavocedelpaese.info\/index.php\/2019\/06\/01\/bianco-cede-la-vittoria-e-si-accontenta-dellargento\/","title":{"rendered":"Bianco \u201ccede\u201d la vittoria e si \u201caccontenta\u201d dell\u2019argento"},"content":{"rendered":"<p><img loading=\"lazy\" decoding=\"async\" src=\"https:\/\/live.staticflickr.com\/65535\/47969299423_abc3419ecb_n.jpg\" alt=\"bianco running\" width=\"320\" height=\"245\" \/><\/p>\n<p style=\"text-align: center;\"><strong>Nella dieci kilometri di Oria, l\u2019atleta della D\u2019Angela Sport interpreta i valori pi\u00f9 genuini dello sport<\/strong><\/p>\n<p style=\"text-align: justify;\">Domenica 26 maggio Gianpiero Bianco \u00e8 stato l\u2019unico atleta della D\u2019Angela sport a prendere parte a una manifestazione podistica competitiva. La gara si \u00e8 svolta a Oria con partenza e arrivo in piazza Lorch, dove si sono presentati poco pi\u00f9 di 200 atleti.<\/p>\n<p style=\"text-align: justify;\">Percorso inizialmente in discesa per poi diventare pianeggiante, con giro di boa al quinto kilometro nei pressi del santuario. Come preannunciato dallo speaker, la corsa si \u00e8 risolta in una sfida a due tra il nostro atleta e Pietro Torroni, che \u00e8 riuscito a tagliare per primo il traguardo.<\/p>\n<p style=\"text-align: justify;\">Bianco ha comunque tenuto alta la bandiera della D\u2019Angela Sport: nonostante le condizioni meteo avverse, con tempo uggioso e raffiche di vento, ha realizzato un tempo medio di 3\u201926\u2019\u2019 al km, completando il percorso in poco pi\u00f9 di 34 minuti e confermando il suo stato fisico ottimale.<\/p>\n<p style=\"text-align: justify;\">\u00abSin dallo start \u2013 racconta Bianco \u2013 io e Pietro Torroni siamo stati al comando e, lentamente, a partire dal terzo kilometro, abbiamo fatto il vuoto, correndo soli con pioggia e vento come unici compagni di gara.<\/p>\n<p style=\"text-align: justify;\">La vittoria \u00e8 andata meritatamente a Pietro, che ha condotto la gara sempre in attacco, prendendo pi\u00f9 vento rispetto a me che ho \u201cgiocato in difesa\u201d, cio\u00e8 alle sue spalle. In alcuni tratti ha provato anche ad allungare il passo, aspettando il momento di un mio calo \u2013 che non \u00e8 arrivato \u2013 per potermi \u201cseminare\u201d e concludere la gara senza preoccupazioni\u00bb.<\/p>\n<p style=\"text-align: justify;\">\u00abNel finale \u2013 ci confida il portabandiera del Running Team \u2013 abbiamo deciso di non sprintare. Entrambi avevamo dato davvero il massimo nel corso della gara e mi \u00e8 sembrato corretto lasciare a Pietro la vittoria, sia perch\u00e9 era un atleta del posto sia perch\u00e9, a mio modesto parere, aveva meritato la vittoria un pizzico in pi\u00f9 di me.<\/p>\n<p style=\"text-align: justify;\">Le nostre forze si sono eguagliate, abbiamo duellato alla pari e questo mi rende pi\u00f9 che contento e soddisfatto. Il vero vincitore non \u00e8 colui che vince sempre, ma colui che perde e continua ad avere il coraggio di mettersi in gioco\u00bb.<\/p>\n","protected":false},"excerpt":{"rendered":"<p><img loading=\"lazy\" decoding=\"async\" src=\"https:\/\/live.staticflickr.com\/65535\/47969299423_abc3419ecb_n.jpg\" alt=\"bianco running\" width=\"320\" height=\"245\" \/><\/p>\n","protected":false},"author":1,"featured_media":0,"comment_status":"open","ping_status":"closed","sticky":false,"template":"","format":"standard","meta":{"colormag_page_container_layout":"default_layout","colormag_page_sidebar_layout":"default_layout","footnotes":""},"categories":[5],"tags":[],"class_list":["post-16623","post","type-post","status-publish","format-standard","hentry","category-sport"],"_links":{"self":[{"href":"https:\/\/archivioturi.lavocedelpaese.info\/index.php\/wp-json\/wp\/v2\/posts\/16623","targetHints":{"allow":["GET"]}}],"collection":[{"href":"https:\/\/archivioturi.lavocedelpaese.info\/index.php\/wp-json\/wp\/v2\/posts"}],"about":[{"href":"https:\/\/archivioturi.lavocedelpaese.info\/index.php\/wp-json\/wp\/v2\/types\/post"}],"author":[{"embeddable":true,"href":"https:\/\/archivioturi.lavocedelpaese.info\/index.php\/wp-json\/wp\/v2\/users\/1"}],"replies":[{"embeddable":true,"href":"https:\/\/archivioturi.lavocedelpaese.info\/index.php\/wp-json\/wp\/v2\/comments?post=16623"}],"version-history":[{"count":0,"href":"https:\/\/archivioturi.lavocedelpaese.info\/index.php\/wp-json\/wp\/v2\/posts\/16623\/revisions"}],"wp:attachment":[{"href":"https:\/\/archivioturi.lavocedelpaese.info\/index.php\/wp-json\/wp\/v2\/media?parent=16623"}],"wp:term":[{"taxonomy":"category","embeddable":true,"href":"https:\/\/archivioturi.lavocedelpaese.info\/index.php\/wp-json\/wp\/v2\/categories?post=16623"},{"taxonomy":"post_tag","embeddable":true,"href":"https:\/\/archivioturi.lavocedelpaese.info\/index.php\/wp-json\/wp\/v2\/tags?post=16623"}],"curies":[{"name":"wp","href":"https:\/\/api.w.org\/{rel}","templated":true}]}}