{"id":1657,"date":"2010-03-15T10:07:07","date_gmt":"2010-03-15T10:07:07","guid":{"rendered":"https:\/\/archivioturi.lavocedelpaese.info\/index.php\/2010\/03\/15\/ortofrutticola-de-carolis-dopo-colaprico\/"},"modified":"2010-03-15T10:07:07","modified_gmt":"2010-03-15T10:07:07","slug":"ortofrutticola-de-carolis-dopo-colaprico","status":"publish","type":"post","link":"https:\/\/archivioturi.lavocedelpaese.info\/index.php\/2010\/03\/15\/ortofrutticola-de-carolis-dopo-colaprico\/","title":{"rendered":"ORTOFRUTTICOLA, DE CAROLIS DOPO COLAPRICO?"},"content":{"rendered":"<div style=\"text-align: justify;\"><\/div>\n<p style=\"text-align: justify;\"><img loading=\"lazy\" decoding=\"async\" class=\" size-full wp-image-1655\" alt=\"cooperativa\" src=\"https:\/\/archivioturi.lavocedelpaese.info\/wp-content\/uploads\/2010\/03\/cooperativa.jpg\" height=\"150\" width=\"320\" srcset=\"https:\/\/archivioturi.lavocedelpaese.info\/wp-content\/uploads\/2010\/03\/cooperativa.jpg 640w, https:\/\/archivioturi.lavocedelpaese.info\/wp-content\/uploads\/2010\/03\/cooperativa-300x141.jpg 300w\" sizes=\"auto, (max-width: 320px) 100vw, 320px\" \/><\/p>\n<p style=\"text-align: justify;\"><span style=\"font-size: 10pt;\"><span style=\"font-family: verdana,geneva;\">Il pomeriggio dell\u201911 marzo scorso, si \u00e8 riunito il Consiglio di amministrazione della Cooperativa &#8220;L\u2019Ortofrutticola&#8221;. Stabilita la data per l\u2019Assemblea generale dei soci per domenica 18 aprile alle ore 9.00. Quest\u2019anno scade il mandato del consiglio di amministrazione e del presidente Franco Colaprico. In occasione dell\u2019assemblea del 18 aprile i soci saranno chiamati a votare le varie liste che devono essere presentate entro il 3 aprile prossimo. Durante l\u2019assemblea i promotori delle liste presenteranno ai soci i componenti della propria lista e come intendono muoversi. Novit\u00e0 anche riguardo alla durata del mandato che, da tre, passa a quattro anni.<\/span><\/span><\/p>\n<p style=\"text-align: justify;\"><span style=\"font-size: 10pt;\"><span style=\"font-family: verdana,geneva;\"><img loading=\"lazy\" decoding=\"async\" class=\" alignright size-full wp-image-1656\" style=\"margin-top: 10px; margin-bottom: 10px; margin-left: 10px; float: right;\" alt=\"colaprico\" src=\"https:\/\/archivioturi.lavocedelpaese.info\/wp-content\/uploads\/2010\/03\/colaprico.jpg\" height=\"448\" width=\"290\" \/>Intanto il Consiglio ha manifestato l\u2019intenzione di comprare uno strumento da 100mila euro per dividere le ciliegie che arriveranno in cooperativa in diverse calibrature del prodotto. \u201cMa l\u2019ultima parola \u2013 sottolinea il presidente Colaprico &#8211; spetter\u00e0 all\u2019assemblea dei soci che, se mi dicono di andare avanti bene, altrimenti non compriamo niente. I soci decideranno. E si sappia che, qualunque sia la decisione dei soci riguardo alle liste che si presenteranno, io rispetter\u00f2 la loro decisione e, il giorno dopo, conferir\u00f2 lo stesso le ciliegie alla cooperativa, a differenza di come si sono comportati altri. Io mi metter\u00f2 alla finestra e, da chi vuole essere governato il popolo della cooperativa, per me andr\u00e0 bene. Io non ho mai chiesto a nessuno di votarmi, se non mi vogliono votare, non mi votassero. Li rispetter\u00f2.\u201d<\/span><\/span><\/p>\n<p style=\"text-align: justify;\"><span style=\"font-size: 10pt;\"><span style=\"font-family: verdana,geneva;\">Ci ha contattato il signor Giacomo De Carolis, membro del Direttivo della Cooperativa, che la pensa in modo differente da Colaprico. Ecco in sintesi la sua dichiarazione: \u201cAlla Cooperativa c\u2019\u00e8 la novit\u00e0 delle liste ma io mi auguro che si formi una sola lista votata all\u2019unanimit\u00e0 che ridisegni la cooperativa intera. <strong>Bisogna abbandonare l\u2019idea di aumentare la produzione con la chimica e ragionare su intese alla produzione per contrastare il potere della grande distribuzione<\/strong>. Per fare questo bisogna ripartire dalla \u2018casa dei produttori\u2019, solo l\u00ec pu\u00f2 nascere una grande unione o, come dicono altri, un consorzio. Appuntamento a luned\u00ec 22 marzo, ore 17.30, con tutti quelli che vogliono e hanno intenzione di provare ad amministrare.\u201d<\/span><\/span><\/p>\n<p style=\"text-align: justify;\"><span style=\"font-family: verdana,geneva;\"><br \/><\/span><\/p>\n","protected":false},"excerpt":{"rendered":"<div style=\"text-align: justify;\"><\/div>\n<p style=\"text-align: justify;\"><img loading=\"lazy\" decoding=\"async\" class=\" size-full wp-image-1655\" alt=\"cooperativa\" src=\"https:\/\/archivioturi.lavocedelpaese.info\/wp-content\/uploads\/2010\/03\/cooperativa.jpg\" height=\"150\" width=\"320\" srcset=\"https:\/\/archivioturi.lavocedelpaese.info\/wp-content\/uploads\/2010\/03\/cooperativa.jpg 640w, https:\/\/archivioturi.lavocedelpaese.info\/wp-content\/uploads\/2010\/03\/cooperativa-300x141.jpg 300w\" sizes=\"auto, (max-width: 320px) 100vw, 320px\" \/><\/p>\n","protected":false},"author":1,"featured_media":1655,"comment_status":"open","ping_status":"closed","sticky":false,"template":"","format":"standard","meta":{"colormag_page_container_layout":"default_layout","colormag_page_sidebar_layout":"default_layout","footnotes":""},"categories":[7],"tags":[],"class_list":["post-1657","post","type-post","status-publish","format-standard","has-post-thumbnail","hentry","category-attualita"],"_links":{"self":[{"href":"https:\/\/archivioturi.lavocedelpaese.info\/index.php\/wp-json\/wp\/v2\/posts\/1657","targetHints":{"allow":["GET"]}}],"collection":[{"href":"https:\/\/archivioturi.lavocedelpaese.info\/index.php\/wp-json\/wp\/v2\/posts"}],"about":[{"href":"https:\/\/archivioturi.lavocedelpaese.info\/index.php\/wp-json\/wp\/v2\/types\/post"}],"author":[{"embeddable":true,"href":"https:\/\/archivioturi.lavocedelpaese.info\/index.php\/wp-json\/wp\/v2\/users\/1"}],"replies":[{"embeddable":true,"href":"https:\/\/archivioturi.lavocedelpaese.info\/index.php\/wp-json\/wp\/v2\/comments?post=1657"}],"version-history":[{"count":0,"href":"https:\/\/archivioturi.lavocedelpaese.info\/index.php\/wp-json\/wp\/v2\/posts\/1657\/revisions"}],"wp:featuredmedia":[{"embeddable":true,"href":"https:\/\/archivioturi.lavocedelpaese.info\/index.php\/wp-json\/wp\/v2\/media\/1655"}],"wp:attachment":[{"href":"https:\/\/archivioturi.lavocedelpaese.info\/index.php\/wp-json\/wp\/v2\/media?parent=1657"}],"wp:term":[{"taxonomy":"category","embeddable":true,"href":"https:\/\/archivioturi.lavocedelpaese.info\/index.php\/wp-json\/wp\/v2\/categories?post=1657"},{"taxonomy":"post_tag","embeddable":true,"href":"https:\/\/archivioturi.lavocedelpaese.info\/index.php\/wp-json\/wp\/v2\/tags?post=1657"}],"curies":[{"name":"wp","href":"https:\/\/api.w.org\/{rel}","templated":true}]}}