{"id":16564,"date":"2019-05-12T09:18:38","date_gmt":"2019-05-12T09:18:38","guid":{"rendered":"https:\/\/archivioturi.lavocedelpaese.info\/index.php\/2019\/05\/12\/settebello-dof\/"},"modified":"2019-05-12T09:18:38","modified_gmt":"2019-05-12T09:18:38","slug":"settebello-dof","status":"publish","type":"post","link":"https:\/\/archivioturi.lavocedelpaese.info\/index.php\/2019\/05\/12\/settebello-dof\/","title":{"rendered":"Settebello D.O.F."},"content":{"rendered":"<p><img loading=\"lazy\" decoding=\"async\" src=\"https:\/\/live.staticflickr.com\/65535\/47820850031_1052b4688f_n.jpg\" alt=\"Bari1\" width=\"295\" height=\"320\" \/><\/p>\n<p style=\"text-align: center;\"><strong>Gli atleti della D.O.F., super impegnati fra pista, strada e trail, si fanno sempre pi\u00f9 rosa<\/strong><\/p>\n<p style=\"text-align: justify;\">\u00c8 stato un weekend ricco di manifestazioni, e la D.O.F. Amatori non si \u00e8 fatta mancare nulla. Sabato si parte con i campionati di societ\u00e0 su pista, fase regionale. Il nostro Nuccio Busto, nonostante qualche problema al flessore, \u00e8 li pronto a sfidare i pi\u00f9 forti dalla regione. Gli acciacchi non gli permettono di avvicinare la sua miglior prestazione ma gli avversari sono tra i pi\u00f9 forti, motivo in pi\u00f9 per far bella figura chiudendo 8\u00b0 assoluto e 1\u00b0 nella sua categoria con un felice 4\u201926\u201d.<\/p>\n<p><img loading=\"lazy\" decoding=\"async\" src=\"https:\/\/live.staticflickr.com\/65535\/47820848281_1fec503d01_n.jpg\" alt=\"IMG_0779\" style=\"margin: 6px; float: right;\" width=\"286\" height=\"320\" \/><\/p>\n<p style=\"text-align: justify;\">Domenica 5 maggio la D.O.F. \u00e8 rappresentata in altre sei gare quasi contemporanee. A Porto Selvaggio si \u00e8 svolta la 5\u00aa edizione del \u201cTrail di Porto Selvaggio\u201d, gara di 16 km divenuta oramai un appuntamento fisso del podismo pugliese. Tante societ\u00e0 hanno aderito alla manifestazione, tra cui gli esperti del trail provenienti da Castrovillari e dal Pollino. 611 atleti alla partenza, che si sono affrontati su un percorso pianeggiante per i primi tre km, ma poi caratterizzato da salite ripide, discese, scalinate e panorami mozzafiato, tutto su percorso sterrato, molto tecnico e reso competitivo dalle abbondanti piogge della notte precedente. La societ\u00e0 turese \u00e8 presente agli appuntamenti importanti, rappresentata dall\u2019atleta Pierangelo Greco, che ha concluso la gara in 1h24\u201920\u201d, giungendo 80\u00b0 assoluto e 20\u00b0 della sua categoria.<\/p>\n<p style=\"text-align: justify;\">Domenica 5 maggio a Bari, pi\u00f9 precisamente presso il parco 2 Giugno, si \u00e8 svolta la \u201cRUN FOR PARKINSON\u201d, organizzata dall\u2019associazione Parkinson Puglia Onlus. La manifestazione prevede due percorsi: uno di 3.5 km circa in passeggiata e un secondo percorso di circa 10 km per i pi\u00f9 audaci, da percorrere intorno e all\u2019interno al parco in circa 11 giri. La manifestazione ha lo scopo di sensibilizzare l\u2019opinione pubblica a una malattia che comunemente si considera possa colpire solo gli anziani, ma in realt\u00e0 si pu\u00f2 anche manifestare in giovane et\u00e0. Madrina della manifestazione Rosaria Renna. Chiaramente non poteva mancare la D.O.F. con il \u201cGladiatore\u201d Nicola Petranca che, insieme all\u2019amico Domenico Caporusso della ASD LA PIETRA Modugno, sono ormai esempio di tenacia con il loro motto \u201cSorridere sempre alla Vita\u201d anche quando non si riesce ad avere delle risposte ai tanti perch\u00e9 che ogni giorno ognuno di noi si pone.<\/p>\n<p><img loading=\"lazy\" decoding=\"async\" src=\"https:\/\/live.staticflickr.com\/65535\/47820846951_4e06d750ec_n.jpg\" alt=\"Maratona Nicassio\" style=\"margin: 6px; float: left;\" width=\"320\" height=\"244\" \/><\/p>\n<p style=\"text-align: justify;\">La D.O.F. \u00e8 anche una vera famiglia e la dimostrazione viene dalla bellissima sfida in lontananza fra Pap\u00e0 Nicola Cantacessi, impegnato in un durissimo trail di 25 km, e il figlio Francesco Cantacessi all\u2019esordio in maglia bianco\/amaranto nella mezza Maratona di Piacenza meravigliosamente conclusa con un ottimo tempo per un esordiente (1h 46\u2019) sua miglior prestazione in una mezza.<\/p>\n<p style=\"text-align: justify;\">Domenica era anche la giornata della \u201cMaratona delle Cattedrali\u201d con partenza da Barletta ed arrivo a Giovinazzo, percorrendo tutto il lungomare adriatico. Gara con non molti partecipanti e con un&#8217;organizzazione un po&#8217; approssimativa, ma dal percorso fantastico, perch\u00e9 era quasi tutto sul mare e in paesi molto belli come Trani, Molfetta, Giovinazzo. Il caldo unito ad un leggero vento sul percorso non ha probabilmente permesso al nostro Tommaso Nicassio di migliorare il suo personale sulla distanza dei 42,195 km fatto a Milano (3h 57minuti).<\/p>\n<p><img loading=\"lazy\" decoding=\"async\" src=\"https:\/\/live.staticflickr.com\/65535\/47820846621_fa965d9956_n.jpg\" alt=\"Barletta1\" style=\"margin: 6px; float: right;\" width=\"320\" height=\"240\" \/><\/p>\n<p style=\"text-align: justify;\">Bella \u00e8 stata la partenza in quel di Barletta poco prima della 10 km, che ha portato ad un bell&#8217;incitamento da parte di tutti gli altri atleti che erano in attesa di partire per il Corripuglia. In quest\u2019ultima gara presente per la D.O.F. Amatori Turi la famiglia De Tommaso. Nonostante il non perfetto stato di forma della nostra \u201cMery Volante\u201d, a sorpresa arriva l\u2019ottimo ed inaspettato 5\u00b0 posto di categoria, che scala in premiazione al 4\u00b0 posto grazie alla vittoria al femminile per la fortissima atleta di fama internazionale Veronica Inglese. Felicissima Mariantonietta per un risultato che speriamo le dia la giusta carica per affrontare al meglio la seconda parte della stagione. Bene anche Raffaele De Tommaso con il suo solito passo a tirare ed aiutare sua figlia.<\/p>\n<p style=\"text-align: justify;\">Chiude la grande abbuffata di gare la 2\u00aa edizione del \u201cC.U.T.\u201d ossia Castellaneta Urban Trail, una delle gare pi\u00f9 dure e spettacolari del Sud Italia. 14 gli atleti della D.O.F. Amatori si sono cimentati in due tracciati molto tecnici nel canyon pugliese di 10 e 25 km. I nostri atleti hanno attraversato sentieri selvaggi, paesaggi ancestrali e rupestri che si diramavano in un labirinto di vicoli e pendii mozzafiato dove \u00e8 impossibile scontrarsi con il vuoto improvviso di una delle tante gravine scolpite dai fiumi che lo attraversano.<\/p>\n<p><img loading=\"lazy\" decoding=\"async\" src=\"https:\/\/live.staticflickr.com\/65535\/47820846271_f760605bb0_n.jpg\" alt=\"Castellaneta1\" style=\"margin: 6px; float: left;\" width=\"320\" height=\"240\" \/><\/p>\n<p style=\"text-align: justify;\">Meravigliosa prestazione della grandissima \u201cSuper Mamma\u201d Marilena Milano, che ha conquistato il podio come 4\u00aa assoluta e 1\u00aa nella sua categoria, scortata dal grande e sfortunato guerriero Michele Natale. Il nostro Michele dopo essersi perso lungo un percorso, non perfettamente tracciato, insieme a tutti i primi quando era 5\u00b0 assoluto, ha dovuto recuperare un bel po\u2019 di km, e grazie alla sua inarrestabile tenacia ha raggiunto una posizione di classifica soddisfacente, seppur giunto all\u2019arrivo piuttosto contrariato a ragion dovuta.<\/p>\n<p style=\"text-align: justify;\">Grande risultato per l\u2019agguerrito Michele Bruno che sta ritrovando la sua miglior forma fisica bruscamente interrotta quest\u2019inverno da un brutto infortunio. I complimenti vanno a tutti a partire da Antonio Delvecchio che, abituato alle bici, si \u00e8 snaturato in un trail non facilissimo. Un encomio per Vito Cortese, nonostante il suo fastidio ad una gamba non ha mai mollato concludendo la sua gara con un bel sorriso.<\/p>\n<p style=\"text-align: justify;\">Non da meno sono da applaudire tutti gli altri a partire da Nico Favia a Gianluca Ferrara, esordiente in tutto, ai granitici Michele Emilio, Antonio di Bari e Gregorio del Giudice, per non parlare della grande forza di volont\u00e0 sia di Toni Desio che dell\u2019inavvicinabile per simpatia Gino Montemurro. Ed abbiamo scritto e lodato chi ha percorso la 10 km. Di Angelo Longo e Nicola Cantacessi non ci sono parole per tradurre su queste poche righe cosa hanno dovuto fare per chiudere la loro gara. Se finire una maratona equivale ad una vittoria personale, chiudere questi 25 km diventa un\u2019esperienza indimenticabile da raccontare ai propri figli con orgoglio. Se poi sia Angelo Longo che Nicola Cantacessi portano a casa un ottimo 6\u00b0 posto di categoria, allora ci pu\u00f2 essere solo una grande stima e rispetto.<\/p>\n","protected":false},"excerpt":{"rendered":"<p><img loading=\"lazy\" decoding=\"async\" src=\"https:\/\/live.staticflickr.com\/65535\/47820850031_1052b4688f_n.jpg\" alt=\"Bari1\" width=\"295\" height=\"320\" \/><\/p>\n","protected":false},"author":1,"featured_media":0,"comment_status":"open","ping_status":"closed","sticky":false,"template":"","format":"standard","meta":{"colormag_page_container_layout":"default_layout","colormag_page_sidebar_layout":"default_layout","footnotes":""},"categories":[5],"tags":[],"class_list":["post-16564","post","type-post","status-publish","format-standard","hentry","category-sport"],"_links":{"self":[{"href":"https:\/\/archivioturi.lavocedelpaese.info\/index.php\/wp-json\/wp\/v2\/posts\/16564","targetHints":{"allow":["GET"]}}],"collection":[{"href":"https:\/\/archivioturi.lavocedelpaese.info\/index.php\/wp-json\/wp\/v2\/posts"}],"about":[{"href":"https:\/\/archivioturi.lavocedelpaese.info\/index.php\/wp-json\/wp\/v2\/types\/post"}],"author":[{"embeddable":true,"href":"https:\/\/archivioturi.lavocedelpaese.info\/index.php\/wp-json\/wp\/v2\/users\/1"}],"replies":[{"embeddable":true,"href":"https:\/\/archivioturi.lavocedelpaese.info\/index.php\/wp-json\/wp\/v2\/comments?post=16564"}],"version-history":[{"count":0,"href":"https:\/\/archivioturi.lavocedelpaese.info\/index.php\/wp-json\/wp\/v2\/posts\/16564\/revisions"}],"wp:attachment":[{"href":"https:\/\/archivioturi.lavocedelpaese.info\/index.php\/wp-json\/wp\/v2\/media?parent=16564"}],"wp:term":[{"taxonomy":"category","embeddable":true,"href":"https:\/\/archivioturi.lavocedelpaese.info\/index.php\/wp-json\/wp\/v2\/categories?post=16564"},{"taxonomy":"post_tag","embeddable":true,"href":"https:\/\/archivioturi.lavocedelpaese.info\/index.php\/wp-json\/wp\/v2\/tags?post=16564"}],"curies":[{"name":"wp","href":"https:\/\/api.w.org\/{rel}","templated":true}]}}