{"id":16549,"date":"2019-05-06T13:27:17","date_gmt":"2019-05-06T13:27:17","guid":{"rendered":"https:\/\/archivioturi.lavocedelpaese.info\/index.php\/2019\/05\/06\/cinqueanove-percorsi-da-eroi\/"},"modified":"2019-05-06T13:27:17","modified_gmt":"2019-05-06T13:27:17","slug":"cinqueanove-percorsi-da-eroi","status":"publish","type":"post","link":"https:\/\/archivioturi.lavocedelpaese.info\/index.php\/2019\/05\/06\/cinqueanove-percorsi-da-eroi\/","title":{"rendered":"\u201cCinque&#038;Nove\u201d, percorsi da eroi"},"content":{"rendered":"<p><img loading=\"lazy\" decoding=\"async\" src=\"https:\/\/live.staticflickr.com\/65535\/33890763858_ce3eb6d223_n.jpg\" alt=\"5e9\" width=\"320\" height=\"150\" \/><\/p>\n<p style=\"text-align: center;\"><strong>I bikers turesi partecipano alla Randonn\u00e9e \u201cNove Colli Lucana\u201d<\/strong><\/p>\n<p style=\"text-align: justify;\">Una vera e propria impresa sportiva per i bikers dell\u2019ASD \u201cCinque&amp;Nove\u201d di Turi che domenica 28 aprile 2019 hanno speso fatica e bruciato chilometri in quel di Matera per la settima Edizione delle Randonn\u00e9e \u201cNove Colli Lucana\u201d, organizzata dalla societ\u00e0 ciclistica materana Team Bike Matera.<\/p>\n<p style=\"text-align: justify;\">Due i percorsi previsti per ciclisti pi\u00f9 o meno pronti a resistere. Ben 212 km il percorso pi\u00f9 lungo, con un dislivello di 4100 mt, ed il cosiddetto \u201ccorto\u201d, 153 km con un dislivello di mt. 1550, che hanno interessato, in entrambi i casi, i comuni materani.<\/p>\n<p style=\"text-align: justify;\">Partenza alle ore 8.00, subito dopo le registrazioni di rito. Le due ruote dei \u201cturesi\u201d hanno pedalato in direzione Pomarico, primo colle e, dopo aver fatto colazione, come previsto dagli organizzatori, seconda tappa verso la \u201ccitt\u00e0 fantasma\u201d di Craco\u201d, secondo colle e secondo ristoro. \u00c8 dal secondo colle che si dividono le strade e il gruppo turese si separa. Luigi Palmieri, Daniele Losavio e Giuseppe Pettico (Atletico Rutigliano) hanno proseguito verso Stigliano per il lungo, mentre Pierino Sabatelli, Vito Palmisano e Pasquita Di Bello verso Salandra per il percorso corto.<\/p>\n<p style=\"text-align: justify;\">Il percorso lungo ha previsto il passaggio da Stigliano, terzo colle, Accettura, quarto colle, Monte Croccia, quinto colle, Garaguso, sesto colle, Grassano, settimo colle, Grottole, ottavo colle, per finire poi il giro a Matera, nono e ultimo colle. I turesi del lungo hanno completato il percorso in 9,40 ore, mentre il corto \u00e8 stato completato in 7,30 ore. \u201cL\u2019importante \u00e8 partecipare e finirla \u00e8 gi\u00e0 una vittoria; nelle Randonn\u00e9e non ci sono n\u00e9 vincitori e n\u00e9 vinti\u201d \u2013 aggiunge il presidente Pierino Sabatelli.<\/p>\n<p style=\"text-align: justify;\">La \u201cNove Colli Lucana\u201d \u00e8 una \u201cRandonn\u00e9e, gestita da Audax Italia, e fa parte del circuito del Rando Tour Magna Grecia che racchiude tutte le Randonn\u00e9e di Puglia, Campania, Calabria e naturalmente Basilicata. \u201cSenz\u2019altro \u00e8 stato un grande successo per i numerosi partecipanti che ne hanno apprezzato sia il percorso che gli aspetti organizzativi\u201d.<\/p>\n<p style=\"text-align: justify;\">Prossimo appuntamento per i bikers del sodalizio turese \u00e8 la Randonn\u00e9e Reale in quel di Caserta domenica 5 maggio. Il presidente Pierino Sabatelli, in questa nuova avventura, ha contagiato altri 14 bikers che lo seguiranno e infatti della comitiva faranno parte anche gli amici dell\u2019Energy Noicattaro\/Rutigliano e \u201cliberi\u201d di Conversano.<\/p>\n<p style=\"text-align: right;\"><strong>C.D.<\/strong><\/p>\n","protected":false},"excerpt":{"rendered":"<p><img loading=\"lazy\" decoding=\"async\" src=\"https:\/\/live.staticflickr.com\/65535\/33890763858_ce3eb6d223_n.jpg\" alt=\"5e9\" width=\"320\" height=\"150\" \/><\/p>\n","protected":false},"author":1,"featured_media":0,"comment_status":"open","ping_status":"closed","sticky":false,"template":"","format":"standard","meta":{"colormag_page_container_layout":"default_layout","colormag_page_sidebar_layout":"default_layout","footnotes":""},"categories":[5],"tags":[],"class_list":["post-16549","post","type-post","status-publish","format-standard","hentry","category-sport"],"_links":{"self":[{"href":"https:\/\/archivioturi.lavocedelpaese.info\/index.php\/wp-json\/wp\/v2\/posts\/16549","targetHints":{"allow":["GET"]}}],"collection":[{"href":"https:\/\/archivioturi.lavocedelpaese.info\/index.php\/wp-json\/wp\/v2\/posts"}],"about":[{"href":"https:\/\/archivioturi.lavocedelpaese.info\/index.php\/wp-json\/wp\/v2\/types\/post"}],"author":[{"embeddable":true,"href":"https:\/\/archivioturi.lavocedelpaese.info\/index.php\/wp-json\/wp\/v2\/users\/1"}],"replies":[{"embeddable":true,"href":"https:\/\/archivioturi.lavocedelpaese.info\/index.php\/wp-json\/wp\/v2\/comments?post=16549"}],"version-history":[{"count":0,"href":"https:\/\/archivioturi.lavocedelpaese.info\/index.php\/wp-json\/wp\/v2\/posts\/16549\/revisions"}],"wp:attachment":[{"href":"https:\/\/archivioturi.lavocedelpaese.info\/index.php\/wp-json\/wp\/v2\/media?parent=16549"}],"wp:term":[{"taxonomy":"category","embeddable":true,"href":"https:\/\/archivioturi.lavocedelpaese.info\/index.php\/wp-json\/wp\/v2\/categories?post=16549"},{"taxonomy":"post_tag","embeddable":true,"href":"https:\/\/archivioturi.lavocedelpaese.info\/index.php\/wp-json\/wp\/v2\/tags?post=16549"}],"curies":[{"name":"wp","href":"https:\/\/api.w.org\/{rel}","templated":true}]}}