{"id":16548,"date":"2019-05-06T06:14:25","date_gmt":"2019-05-06T06:14:25","guid":{"rendered":"https:\/\/archivioturi.lavocedelpaese.info\/index.php\/2019\/05\/06\/residence-regina-al-buio-unodissea-infinita\/"},"modified":"2019-05-06T06:14:25","modified_gmt":"2019-05-06T06:14:25","slug":"residence-regina-al-buio-unodissea-infinita","status":"publish","type":"post","link":"https:\/\/archivioturi.lavocedelpaese.info\/index.php\/2019\/05\/06\/residence-regina-al-buio-unodissea-infinita\/","title":{"rendered":"Residence Regina al buio, un&#8217;odissea infinita"},"content":{"rendered":"<p><img loading=\"lazy\" decoding=\"async\" src=\"https:\/\/live.staticflickr.com\/65535\/33890762528_419c96d2a5_n.jpg\" alt=\"Residence Regina\" width=\"320\" height=\"264\" \/><\/p>\n<p style=\"text-align: center;\"><strong>Sessanta famiglie al buio pesto ormai rassegnate<\/strong><\/p>\n<p style=\"text-align: justify;\">Negli anni passati, Turi ha dato il via alla costruzione di nuovi complessi residenziali, purtoppo per\u00f2 dinanzi a questa cementificazione galoppante non sono susseguiti i dovuti servizi per i cittadini.<\/p>\n<p style=\"text-align: justify;\">Il Comune, a fronte di imposte e tasse percepite sempre entro la scadenza prevista, avrebbe dovuto compiere, o far in modo che venissero eseguite, tutte quelle opere cosiddette di urbanizzazione, quali per esempio: marciapiedi, illuminiazione pubblica, rete fogniaria ecc&#8230;.<\/p>\n<p style=\"text-align: justify;\">Nel caso del Residence Regina, sono passati anni e tra le accuse reciproche tra la ditta e l&#8217;ente pubblico, a farne le spese sono sempre ovviamente i cittadini che si vedono privati di un diritto primario. Primario s\u00ec, non ci siamo sbagliati, perch\u00e8 senza illuminazione non c&#8217;\u00e8 sicurezza e senza sicurezza non c&#8217;\u00e8 libert\u00e0.<\/p>\n<p style=\"text-align: justify;\">Abbiamo appreso di casi di furto sia negli appartamenti che negli esercizi commerciali, mentre nel parcheggio, al calar della notte, sosterebbero anche delle macchine sospette, dove all&#8217;indomani si ritrova di tutto, lasciamo alla vostra immaginazione i dettagli, con il problema che in quelle aree giocano i bambini durante il giorno.<\/p>\n<p style=\"text-align: justify;\">Diciamo che la situazione \u00e8 ancora pi\u00f9 complessa, perch\u00e9, si sa, mettersi d&#8217;accordo per trovare delle soluzioni in un condominio non \u00e8 cosa semplice. Moltiplicate questo per un residence di due complessi e diverse scale, per un totale di sessanta famiglie e diverse attivit\u00e0, e avrete l\u2019esatta dimensione del problema.<\/p>\n<p style=\"text-align: justify;\">L&#8217;ultima discussione su questo tema in Consiglio comunale risale al 29 novembre 2017 (consultabile nell&#8217;albo pretorio on line), dove in sostanza, per riassumere il solito linguaggio prolisso da burocrati, secondo il Comune sussisterebbe un vincolo pertinenziale ma richiede allo stesso tempo, ulteriore documentazione, cosa che a detta dei residenti \u00e8 stata inoltrata.<\/p>\n<p style=\"text-align: justify;\">Riportiamo una parte del testo scritto nell&#8217;allegato B del resoconto della seduta consiliare di oltre due anni fa: \u00abAvr\u00e0 un\u2019utilit\u00e0 quella documentazione che lei ha chiesto, faccio la domanda secca, a quale scopo, a cosa serve quella documentazione? Cerchiamo di comprenderci\u00bb &#8211; chiede un consigliere all&#8217;ingegnere che risponde &#8211; \u00abPer la presa in carico delle aree pubbliche, che lui ha dichiarato pubbliche chiedendomene la presa in carico. La richiesta \u00e8 quella, attenzione alla richiesta che viene fatta dal cittadino, la presa in carico delle opere di urbanizzazione realizzate, e l\u2019ufficio gli ha semplicemente chiesto quali sono e come sono fatte\u00bb.<\/p>\n<p style=\"text-align: justify;\">Per concludere, da quel novembre 2017 non abbiamo avuto pi\u00f9 aggiornamenti e, ovviamente, la situazione \u00e8 sempre la stessa. L&#8217;unico bagliore di luce, chiss\u00e0, lo si potr\u00e0 avere con la nuova amministrazione, sperando che il loro interessamento in merito non sia solo in campagna elettorale.<\/p>\n<p style=\"text-align: right;\"><strong>Gianluca Marini<\/strong><\/p>\n","protected":false},"excerpt":{"rendered":"<p><img loading=\"lazy\" decoding=\"async\" src=\"https:\/\/live.staticflickr.com\/65535\/33890762528_419c96d2a5_n.jpg\" alt=\"Residence Regina\" width=\"320\" height=\"264\" \/><\/p>\n","protected":false},"author":1,"featured_media":0,"comment_status":"open","ping_status":"closed","sticky":false,"template":"","format":"standard","meta":{"colormag_page_container_layout":"default_layout","colormag_page_sidebar_layout":"default_layout","footnotes":""},"categories":[7],"tags":[],"class_list":["post-16548","post","type-post","status-publish","format-standard","hentry","category-attualita"],"_links":{"self":[{"href":"https:\/\/archivioturi.lavocedelpaese.info\/index.php\/wp-json\/wp\/v2\/posts\/16548","targetHints":{"allow":["GET"]}}],"collection":[{"href":"https:\/\/archivioturi.lavocedelpaese.info\/index.php\/wp-json\/wp\/v2\/posts"}],"about":[{"href":"https:\/\/archivioturi.lavocedelpaese.info\/index.php\/wp-json\/wp\/v2\/types\/post"}],"author":[{"embeddable":true,"href":"https:\/\/archivioturi.lavocedelpaese.info\/index.php\/wp-json\/wp\/v2\/users\/1"}],"replies":[{"embeddable":true,"href":"https:\/\/archivioturi.lavocedelpaese.info\/index.php\/wp-json\/wp\/v2\/comments?post=16548"}],"version-history":[{"count":0,"href":"https:\/\/archivioturi.lavocedelpaese.info\/index.php\/wp-json\/wp\/v2\/posts\/16548\/revisions"}],"wp:attachment":[{"href":"https:\/\/archivioturi.lavocedelpaese.info\/index.php\/wp-json\/wp\/v2\/media?parent=16548"}],"wp:term":[{"taxonomy":"category","embeddable":true,"href":"https:\/\/archivioturi.lavocedelpaese.info\/index.php\/wp-json\/wp\/v2\/categories?post=16548"},{"taxonomy":"post_tag","embeddable":true,"href":"https:\/\/archivioturi.lavocedelpaese.info\/index.php\/wp-json\/wp\/v2\/tags?post=16548"}],"curies":[{"name":"wp","href":"https:\/\/api.w.org\/{rel}","templated":true}]}}