{"id":16517,"date":"2019-04-21T12:38:51","date_gmt":"2019-04-21T12:38:51","guid":{"rendered":"https:\/\/archivioturi.lavocedelpaese.info\/index.php\/2019\/04\/21\/analfabetismo-funzionale-o-strumentalizzazione\/"},"modified":"2019-04-21T12:38:51","modified_gmt":"2019-04-21T12:38:51","slug":"analfabetismo-funzionale-o-strumentalizzazione","status":"publish","type":"post","link":"https:\/\/archivioturi.lavocedelpaese.info\/index.php\/2019\/04\/21\/analfabetismo-funzionale-o-strumentalizzazione\/","title":{"rendered":"Analfabetismo funzionale o strumentalizzazione?"},"content":{"rendered":"<p><img loading=\"lazy\" decoding=\"async\" src=\"https:\/\/live.staticflickr.com\/65535\/46742889015_b608a44429_n.jpg\" alt=\"image\" width=\"320\" height=\"229\" \/><\/p>\n<p style=\"text-align: center;\"><strong>Illazioni e messaggio travisato a seguito dell&#8217;intervento della candidata Sindaco Tina Resta<\/strong><\/p>\n<p style=\"text-align: justify;\">L&#8217;Analfabetismo funzionale \u2013 da Wikipedia \u201cincapacit\u00e0 di un individuo di usare in modo efficiente le abilit\u00e0 di lettura, scrittura e calcolo nelle situazioni della vita quotidiana\u201d \u2013 si \u00e8 palesato chiaramente con l\u2019avvento dei social network. La percentuale di persone che leggono contenuti e che li condividono o li commentano \u00e8 aumentata incredibilmente e, secondo uno studio, il dramma dell&#8217;analfabetismo funzionale colpisce quasi un italiano su due.<\/p>\n<p style=\"text-align: justify;\">Purtroppo, questa partecipazione nei social non \u00e8 andata di pari passo con un miglioramento delle capacit\u00e0 di comprensione, nel senso di capire un ragionamento o di saper leggere bene fra le righe, elaborando delle conclusioni proprie, congrue ed attinenti.<\/p>\n<p style=\"text-align: justify;\">\u00c8 quanto successo dopo l&#8217;intervento della candidata Sindaco Tina Resta che, nella serata di presentazione, ha dichiarato: \u201cQuesto paese viene da un periodo di martirio (se cos\u00ec lo vogliamo chiamare) un anno e mezzo di commissariamento, sapete meglio di me che il Commissario dovrebbe essere un intervento tampone\u201d. Un\u2019affermazione che ha creato non poche polemiche sterili su un fatto cos\u00ec ovvio e una verit\u00e0 cos\u00ec assoluta, da definirla lapalissiana.<\/p>\n<p style=\"text-align: justify;\">Il sesto assioma della comunicazione, intesa come materia di studio, recita testualmente che \u00e8 gratuito (stupido) supporre che l&#8217;altro colga le stesse informazioni e le elabori nello stesso modo. Nel nostro caso, non solo non sono state elaborate allo stesso modo ma \u00e8 stato travisato completamente il messaggio, forse artatamente, lo si spera almeno. Non di minore importanza, altres\u00ec, la ferocia di chi critica, degna dei migliori \u201cleoni da tastiera\u201d, che millanta colpe sempre ai predecessori.<\/p>\n<p style=\"text-align: justify;\">Che un programma politico serio a qualsiasi livello e schieramento debba ripartire dalla formazione anche umanistica di ragazzi e adulti \u00e8 oggi pi\u00f9 che mai necessario. Nell&#8217; intervento della candidata Sindaco Resta \u00e8 stata prospettata una visione di Turi forse anche utopistica in alcuni versi\u2026 Sarebbe bello cambiare forma mentis in poco tempo e raggiungere tutti gli obiettivi auspicati.<\/p>\n<p style=\"text-align: justify;\">In conclusione, cosa c&#8217;\u00e8 di pi\u00f9 bello di sognare una Citt\u00e0 migliore nella quale abbiamo scelto di vivere e far crescere i nostri figli? Non restiamo passivi, le parole d&#8217;ordine sono: proporre, non criticare; impegnarsi, non essere apatici. E tutto ci\u00f2 lo si pu\u00f2 fare indistintamente dall&#8217;essere candidati o meno, ve lo posso garantire.<\/p>\n<p style=\"text-align: justify;\">\u2026 \u201c Se puoi sognarlo, puoi farlo\u201d.<\/p>\n<p style=\"text-align: right;\"><strong>Gianluca Marini<\/strong><\/p>\n","protected":false},"excerpt":{"rendered":"<p><img loading=\"lazy\" decoding=\"async\" src=\"https:\/\/live.staticflickr.com\/65535\/46742889015_b608a44429_n.jpg\" alt=\"image\" width=\"320\" height=\"229\" \/><\/p>\n","protected":false},"author":1,"featured_media":0,"comment_status":"open","ping_status":"closed","sticky":false,"template":"","format":"standard","meta":{"colormag_page_container_layout":"default_layout","colormag_page_sidebar_layout":"default_layout","footnotes":""},"categories":[7],"tags":[],"class_list":["post-16517","post","type-post","status-publish","format-standard","hentry","category-attualita"],"_links":{"self":[{"href":"https:\/\/archivioturi.lavocedelpaese.info\/index.php\/wp-json\/wp\/v2\/posts\/16517","targetHints":{"allow":["GET"]}}],"collection":[{"href":"https:\/\/archivioturi.lavocedelpaese.info\/index.php\/wp-json\/wp\/v2\/posts"}],"about":[{"href":"https:\/\/archivioturi.lavocedelpaese.info\/index.php\/wp-json\/wp\/v2\/types\/post"}],"author":[{"embeddable":true,"href":"https:\/\/archivioturi.lavocedelpaese.info\/index.php\/wp-json\/wp\/v2\/users\/1"}],"replies":[{"embeddable":true,"href":"https:\/\/archivioturi.lavocedelpaese.info\/index.php\/wp-json\/wp\/v2\/comments?post=16517"}],"version-history":[{"count":0,"href":"https:\/\/archivioturi.lavocedelpaese.info\/index.php\/wp-json\/wp\/v2\/posts\/16517\/revisions"}],"wp:attachment":[{"href":"https:\/\/archivioturi.lavocedelpaese.info\/index.php\/wp-json\/wp\/v2\/media?parent=16517"}],"wp:term":[{"taxonomy":"category","embeddable":true,"href":"https:\/\/archivioturi.lavocedelpaese.info\/index.php\/wp-json\/wp\/v2\/categories?post=16517"},{"taxonomy":"post_tag","embeddable":true,"href":"https:\/\/archivioturi.lavocedelpaese.info\/index.php\/wp-json\/wp\/v2\/tags?post=16517"}],"curies":[{"name":"wp","href":"https:\/\/api.w.org\/{rel}","templated":true}]}}