{"id":16508,"date":"2019-04-23T09:01:48","date_gmt":"2019-04-23T09:01:48","guid":{"rendered":"https:\/\/archivioturi.lavocedelpaese.info\/index.php\/2019\/04\/23\/cooperativa-obiettivo-crescere\/"},"modified":"2019-04-23T09:01:48","modified_gmt":"2019-04-23T09:01:48","slug":"cooperativa-obiettivo-crescere","status":"publish","type":"post","link":"https:\/\/archivioturi.lavocedelpaese.info\/index.php\/2019\/04\/23\/cooperativa-obiettivo-crescere\/","title":{"rendered":"Cooperativa: obiettivo \u201ccrescere\u201d!"},"content":{"rendered":"<p><img loading=\"lazy\" decoding=\"async\" src=\"https:\/\/live.staticflickr.com\/65535\/33769155518_3995409b63_n.jpg\" alt=\"cooperativa 2019 (1)\" width=\"320\" height=\"237\" \/><\/p>\n<p style=\"text-align: center;\"><strong>Tra bilancio e nuovi impegni, il primo incontro presso L\u2019Ortofrutticola<\/strong><\/p>\n<p style=\"text-align: justify;\">Sarebbe stata opportuna la partecipazione di tutti gli oltre 200 soci della Cooperativa L\u2019Ortofrutticola, ma la scarsa presenza non ha fermato il presidente Vito Donato Giuliani che ha accolto i presenti con uno sguardo all\u2019anno cooperativo che si chiude e proposte e idee sul nuovo anno agricolo che sta per cominciare.<\/p>\n<p style=\"text-align: justify;\">\u201cSperanza\u201d \u00e8 la parola chiave che caratterizza il discorso del presidente ai suoi soci, riferendosi alla prossima campagna agricola. Pennellate di bianco colorano la platea dei soci, a tratti sfumata da timidi bruni e netti grigiori. Ma sono sguardi resi duri dalla fatica, dell\u2019impegno e dalla volont\u00e0 di far vivere<\/p>\n<p><img loading=\"lazy\" decoding=\"async\" src=\"https:\/\/live.staticflickr.com\/65535\/47646621181_940efb89f9_n.jpg\" alt=\"cooperativa 2019 (2)\" style=\"margin: 6px; float: right;\" width=\"320\" height=\"240\" \/><\/p>\n<p style=\"text-align: justify;\">\u201cI nostri prodotti hanno trovato una facile collocazione nel mercato nazionale &#8211; ha aperto Giuliani nel pomeriggio di marted\u00ec 16 aprile &#8211; perch\u00e9 sono sinonimo di qualit\u00e0. Sono stati ben accolti e abbiamo dimostrato come il nostro lavoro \u00e8 garanzia di bont\u00e0 e sicurezza. Dobbiamo continuare su questa strada!\u201d.<\/p>\n<p style=\"text-align: justify;\">Ciliegia e non solo, nel discorso di Giuliani, dopo l\u2019approvazione del bilancio dello scorso anno, letto dal dott. Giuseppe Gigante, un\u2019alzata di mano unanime ha lasciato proseguire i lavori della seduta. Dal prodotto maggiormente commercializzato, alle attivit\u00e0 che ha visto impegnata la Cooperativa, tra gli argomenti trattati nella serata, tra cui l\u2019acquisto di un depuratore e la sistemazione e messa in sicurezza del secondo e terzo capannone.<\/p>\n<p style=\"text-align: justify;\">Durante l\u2019anno agricolo appena concluso, inoltre, \u00e8 stato stipulato un mutuo di circa 200mila euro utile a completare i lavori della struttura, oltre che acquistare materiale utile per le attivit\u00e0. \u201cInoltre &#8211; ha aggiunto il Presidente &#8211; \u00e8 venuta a mancare l\u2019entrata dell\u2019affittuario della Cooperativa Terra Adriatica che permetter\u00e0, nonostante tutto, di risparmiare soldi per arricchire i capannoni del necessario allo svolgimento dei lavori. Potremo cos\u00ec sfruttare tutti gli ambienti in maniera libera, senza ricorrere a un nuovo contratto per l\u2019energia elettrica o creare nuovi spazi per gli operai\u201d.<\/p>\n<p style=\"text-align: justify;\">Con l\u2019occhio rivolto ai prossimi mesi, Vito Donato Giuliani ha esposto il prossimo impegno della Cooperativa che, aggiunge \u201cpotr\u00e0 continuare ad esistere solo se tutti quanti ci impegniamo, rispettando soprattutto quanto imposto dalla normativa\u201d. E se subito dopo le festivit\u00e0 pasquali verr\u00e0 posizionato il depuratore e creata una vasca di raccolta per l\u2019acqua filtrata che potr\u00e0 essere utilizzata per l\u2019irrigazione dello spazio esterno, impellente \u00e8 anche la messa in sicurezza dei vecchi uffici, che dopo le piogge dei giorni scorsi sono risultati impraticabili.<\/p>\n<p style=\"text-align: justify;\">\u201cCi auguriamo di avere una buona annata e speriamo che voi soci possiate vendere tutto il vostro prodotto qui in Cooperativa, cos\u00ec da crescere e poter mirare ai 10 mila quintali utili per chiudere il bilancio in attivo. Questo \u00e8 un obiettivo, ma camminiamo per gradi. Quest\u2019anno speriamo di toccare tra i 3 e i 5mila quintali e rispondere al mercato italiano con un prodotto di grande qualit\u00e0 e sicuro. Abbiamo acquistato un abbattitore, che ci aiuter\u00e0 in questo, e un mezzo che agevoler\u00e0 la composizione delle cassette che verranno commercializzate. Utile, da parte dei soci, \u00e8 un\u2019analisi della calibratura del prodotto, almeno finch\u00e9 non potremo permetterci una calibratrice\u201d.<\/p>\n<p style=\"text-align: justify;\">Per il mantenimento del prodotto, inoltre, la Cooperativa si \u00e8 dotata di un filtro che servir\u00e0 per eliminare qualsiasi traccia di fitofarmaci e di un filtro di ozono, utile ad eliminare attacchi di muffe o fungini possibili. \u201cDa alcuni studi pare che in tal modo il prodotto duri di pi\u00f9\u201d. Obiettivo \u00e8 garantire sempre un frutto di ottima qualit\u00e0 e sicuro soprattutto per i nuovi orizzonti di filiera corta che, a fianco della Coldiretti, vorremmo percorrere.<\/p>\n<p style=\"text-align: justify;\">Ma non \u00e8 solo la ciliegia il prodotto a cui guarda la Cooperativa, che si muove anche sui terreni e nei mercati dell\u2019albicocca e dell\u2019uva. \u201cA tal riguardo, il mercato interno richiede uva gialla, di un colore deciso\u201d &#8211; ha quindi precisato, chiudendo la seduta sulla necessit\u00e0, da parte di tutti, di rispettare i tempi di trattamento e raccolta, poich\u00e9 \u201cmaggiore sar\u00e0 il controllo sui prodotti e anche noi, per il periodo di raccolta, effettueremo controlli a campione per garantire sicurezza e bont\u00e0 sulle tavole degli italiani\u201d.<\/p>\n<p style=\"text-align: right;\"><strong>CD<\/strong><\/p>\n","protected":false},"excerpt":{"rendered":"<p><img loading=\"lazy\" decoding=\"async\" src=\"https:\/\/live.staticflickr.com\/65535\/33769155518_3995409b63_n.jpg\" alt=\"cooperativa 2019 (1)\" width=\"320\" height=\"237\" \/><\/p>\n","protected":false},"author":1,"featured_media":0,"comment_status":"open","ping_status":"closed","sticky":false,"template":"","format":"standard","meta":{"colormag_page_container_layout":"default_layout","colormag_page_sidebar_layout":"default_layout","footnotes":""},"categories":[7],"tags":[],"class_list":["post-16508","post","type-post","status-publish","format-standard","hentry","category-attualita"],"_links":{"self":[{"href":"https:\/\/archivioturi.lavocedelpaese.info\/index.php\/wp-json\/wp\/v2\/posts\/16508","targetHints":{"allow":["GET"]}}],"collection":[{"href":"https:\/\/archivioturi.lavocedelpaese.info\/index.php\/wp-json\/wp\/v2\/posts"}],"about":[{"href":"https:\/\/archivioturi.lavocedelpaese.info\/index.php\/wp-json\/wp\/v2\/types\/post"}],"author":[{"embeddable":true,"href":"https:\/\/archivioturi.lavocedelpaese.info\/index.php\/wp-json\/wp\/v2\/users\/1"}],"replies":[{"embeddable":true,"href":"https:\/\/archivioturi.lavocedelpaese.info\/index.php\/wp-json\/wp\/v2\/comments?post=16508"}],"version-history":[{"count":0,"href":"https:\/\/archivioturi.lavocedelpaese.info\/index.php\/wp-json\/wp\/v2\/posts\/16508\/revisions"}],"wp:attachment":[{"href":"https:\/\/archivioturi.lavocedelpaese.info\/index.php\/wp-json\/wp\/v2\/media?parent=16508"}],"wp:term":[{"taxonomy":"category","embeddable":true,"href":"https:\/\/archivioturi.lavocedelpaese.info\/index.php\/wp-json\/wp\/v2\/categories?post=16508"},{"taxonomy":"post_tag","embeddable":true,"href":"https:\/\/archivioturi.lavocedelpaese.info\/index.php\/wp-json\/wp\/v2\/tags?post=16508"}],"curies":[{"name":"wp","href":"https:\/\/api.w.org\/{rel}","templated":true}]}}