{"id":16507,"date":"2019-04-23T06:59:19","date_gmt":"2019-04-23T06:59:19","guid":{"rendered":"https:\/\/archivioturi.lavocedelpaese.info\/index.php\/2019\/04\/23\/la-fontanina-pubblica-perde-acqua\/"},"modified":"2019-04-23T06:59:19","modified_gmt":"2019-04-23T06:59:19","slug":"la-fontanina-pubblica-perde-acqua","status":"publish","type":"post","link":"https:\/\/archivioturi.lavocedelpaese.info\/index.php\/2019\/04\/23\/la-fontanina-pubblica-perde-acqua\/","title":{"rendered":"La fontanina pubblica \u201cperde acqua\u201d"},"content":{"rendered":"<p><img loading=\"lazy\" decoding=\"async\" src=\"https:\/\/live.staticflickr.com\/65535\/33769155338_2cd9bc062c_n.jpg\" alt=\"fontana piazza moro turi\" width=\"176\" height=\"320\" \/><\/p>\n<p style=\"text-align: center;\"><strong>La sezione cittadina della Lega segnala lo \u201cspreco di una risorsa preziosa e limitata\u201d<\/strong><\/p>\n<p style=\"text-align: justify;\">Da alcuni giorni, la fontanina pubblica presente nella villetta comunale ubicata in piazza Aldo Moro, eroga acqua in continuazione, quasi sicuramente a causa della rottura del rubinetto.<\/p>\n<p style=\"text-align: justify;\">A porre alla comune attenzione il problema \u00e8 stata la sezione cittadina della Lega, mettendo in evidenza come, da quanto si \u00e8 verificato il disservizio, ogni giorno vengono persi direttamente in fogna quasi 1500 litri di acqua.<\/p>\n<p style=\"text-align: justify;\">\u00abSiamo di fronte a uno spreco di una risorsa preziosa e limitata, soprattutto per la nostra terra da sempre \u201cassetata\u201d. Uno spreco \u2013 insiste la segreteria della Lega \u2013 che, oltre a pesare economicamente sulle tasche dei cittadini turesi, \u00e8 davvero inconcepibile visto che, per eliminare il problema, basterebbe sostituire il rubinetto con una spesa irrisoria di pochi euro\u00bb.<\/p>\n<p style=\"text-align: justify;\">\u00ab\u00c8 solo uno dei tanti esempi di ordinaria manutenzione dei beni pubblici, che non pu\u00f2 pi\u00f9 essere messa in secondo piano o sacrificata sull\u2019altare delle \u201cgrandi opere\u201d, puntualmente disattese da una classe politica che negli ultimi anni si \u00e8 limitata ai seducenti proclami. La nostra idea di \u201cbuon governo\u201d \u2013 annota il partito di Salvini \u2013 parte proprio da questi piccoli accorgimenti, dall\u2019attenzione verso il patrimonio comune che va curato, migliorato e monitorato anche dopo le inaugurazioni in pompa magna\u00bb.<\/p>\n<p style=\"text-align: justify;\">\u00abSiamo convinti \u2013 chiosano dalla segreteria \u2013 che investire sul decoro urbano debba diventare la via maestra per rendere il paese \u201ca misura di cittadino\u201d, dotandolo di quei servizi indispensabili a fare di Turi una comunit\u00e0 in cui regni il pieno rispetto delle regole del vivere civile\u00bb.<\/p>\n<p style=\"text-align: justify;\">Da quanto abbiamo appreso, il disservizio \u00e8 stato segnalato al Commissario Cantadori nella mattinata di mercoled\u00ec 17 aprile, siamo certi che quanto prima si provveder\u00e0 a intervenire.<\/p>\n<p style=\"text-align: right;\"><strong>FD<\/strong><\/p>\n","protected":false},"excerpt":{"rendered":"<p><img loading=\"lazy\" decoding=\"async\" src=\"https:\/\/live.staticflickr.com\/65535\/33769155338_2cd9bc062c_n.jpg\" alt=\"fontana piazza moro turi\" width=\"176\" height=\"320\" \/><\/p>\n","protected":false},"author":1,"featured_media":0,"comment_status":"open","ping_status":"closed","sticky":false,"template":"","format":"standard","meta":{"colormag_page_container_layout":"default_layout","colormag_page_sidebar_layout":"default_layout","footnotes":""},"categories":[7],"tags":[],"class_list":["post-16507","post","type-post","status-publish","format-standard","hentry","category-attualita"],"_links":{"self":[{"href":"https:\/\/archivioturi.lavocedelpaese.info\/index.php\/wp-json\/wp\/v2\/posts\/16507","targetHints":{"allow":["GET"]}}],"collection":[{"href":"https:\/\/archivioturi.lavocedelpaese.info\/index.php\/wp-json\/wp\/v2\/posts"}],"about":[{"href":"https:\/\/archivioturi.lavocedelpaese.info\/index.php\/wp-json\/wp\/v2\/types\/post"}],"author":[{"embeddable":true,"href":"https:\/\/archivioturi.lavocedelpaese.info\/index.php\/wp-json\/wp\/v2\/users\/1"}],"replies":[{"embeddable":true,"href":"https:\/\/archivioturi.lavocedelpaese.info\/index.php\/wp-json\/wp\/v2\/comments?post=16507"}],"version-history":[{"count":0,"href":"https:\/\/archivioturi.lavocedelpaese.info\/index.php\/wp-json\/wp\/v2\/posts\/16507\/revisions"}],"wp:attachment":[{"href":"https:\/\/archivioturi.lavocedelpaese.info\/index.php\/wp-json\/wp\/v2\/media?parent=16507"}],"wp:term":[{"taxonomy":"category","embeddable":true,"href":"https:\/\/archivioturi.lavocedelpaese.info\/index.php\/wp-json\/wp\/v2\/categories?post=16507"},{"taxonomy":"post_tag","embeddable":true,"href":"https:\/\/archivioturi.lavocedelpaese.info\/index.php\/wp-json\/wp\/v2\/tags?post=16507"}],"curies":[{"name":"wp","href":"https:\/\/api.w.org\/{rel}","templated":true}]}}