{"id":16477,"date":"2019-04-13T04:18:28","date_gmt":"2019-04-13T04:18:28","guid":{"rendered":"https:\/\/archivioturi.lavocedelpaese.info\/index.php\/2019\/04\/13\/luoghi-e-tempi-della-settimana-santa-3\/"},"modified":"2019-04-13T04:18:28","modified_gmt":"2019-04-13T04:18:28","slug":"luoghi-e-tempi-della-settimana-santa-3","status":"publish","type":"post","link":"https:\/\/archivioturi.lavocedelpaese.info\/index.php\/2019\/04\/13\/luoghi-e-tempi-della-settimana-santa-3\/","title":{"rendered":"Luoghi e tempi della Settimana Santa"},"content":{"rendered":"<p><img loading=\"lazy\" decoding=\"async\" src=\"https:\/\/live.staticflickr.com\/7877\/47542226742_8b06a627af_n.jpg\" alt=\"croce\" width=\"320\" height=\"212\" \/><\/p>\n<p style=\"text-align: justify;\">La Settimana Santa sono i sette giorni durante i quali i cattolici di tutto il mondo contemplano gli avvenimenti che riguardano gli ultimi giorni della vita terrena di Ges\u00f9: a partire dalla domenica delle Palme in cui, fin dal IV secolo, i cristiani ricordano l\u2019entrata di Ges\u00f9 a Gerusalemme, accolto come Messia, passando attraverso l\u2019ultima cena e l\u2019istituzione dell\u2019Eucarestia, la via della Croce e la morte, fino alla Resurrezione della domenica di Pasqua.<\/p>\n<p style=\"text-align: justify;\">Anche a Turi la Settimana Santa sar\u00e0 ricca di appuntamenti, tradizioni e riti, che fanno parte della nostra secolare cultura, oltre ad interpellare la fede di ciascuno. In particolare, presentiamo oggi tutti quelli che saranno i riti \u201cesterni\u201d della Settimana Santa, che sono essenzialmente la benedizione delle Palme, nella giornata di domenica 14 aprile, la celebrazione del Sacramento della Riconciliazione, luned\u00ec 19, e la processione dei Misteri, gruppi statuari che rappresentano le tappe del cammino della croce, nella sera del venerd\u00ec Santo.<\/p>\n<p style=\"text-align: justify;\">&nbsp;<\/p>\n<p style=\"text-align: justify;\"><strong>Domenica delle Palme<\/strong><\/p>\n<p style=\"text-align: justify;\">Il tradizionale rito della benedizione dei rametti di ulivo si svolger\u00e0 alle ore 10,30 in Chiesa Madre, davanti all\u2019Istituto Gonnelli. Per i fedeli della chiesa Maria SS. Ausiliatrice l&#8217;appuntamento \u00e8 invece alle ore 10,00 in piazza Venusio. Infine, alle ore 10,30 in piazza Cisternino, si raduneranno i parrocchiani della chiesa di San Giovanni Battista.<\/p>\n<p style=\"text-align: justify;\">&nbsp;<\/p>\n<p style=\"text-align: justify;\"><strong>Luned\u00ec Santo, 15 marzo<\/strong><\/p>\n<p style=\"text-align: justify;\">Alle ore 19,00 \u00e8 previsto il raduno sul piazzale della chiesa Maria SS. Ausiliatrice e la concelebrazione eucaristica. A seguire, intorno alle 20,00, avr\u00e0 inizio il pellegrinaggio penitenziale verso la Grotta di Sant&#8217;Oronzo. Qui, dalle ore 20,00 fino a notte inoltrata, i sacerdoti saranno a disposizione dell&#8217;ascolto dei fedeli.<\/p>\n<p style=\"text-align: justify;\">&nbsp;<\/p>\n<p style=\"text-align: justify;\"><strong>Gioved\u00ec Santo, 18 aprile<\/strong><\/p>\n<p style=\"text-align: justify;\">Ad inaugurare il triduo pasquale, alle ore 19,00 in Chiesa Madre, San Giovanni e Ausiliatrice, sar\u00e0 celebrata la Messa in &#8220;Coena Domini&#8221;, liturgia in cui viene ricordata l&#8217;ultima cena di Ges\u00f9 e in cui si ripete il rito della &#8220;lavanda dei piedi&#8221;. Alla fine della messa, le croci vengono velate e gli altari spogliati dei loro ornamenti, ad eccezione dell&#8217;altare della reposizione, noto come &#8220;Sepolcro&#8221;, che accoglie le specie eucaristiche consacrate e conservate fino al pomeriggio del Venerd\u00ec Santo. L&#8217;adorazione eucaristica avr\u00e0 inizio alle ore 20,00 nelle chiese di Santa Chiara e San Domenico; alle ore 21,30 a San Giovanni e alle ore 22,00 in Chiesa Madre e nella chiesa Maria SS. Ausiliatrice.<\/p>\n<p style=\"text-align: justify;\">&nbsp;<\/p>\n<p style=\"text-align: justify;\"><strong>Venerd\u00ec Santo, 19 aprile<\/strong><\/p>\n<p style=\"text-align: justify;\">Ore 18,30: dalla chiesa di Maria SS. Ausiliatrice ha inizio la processione dei Misteri (gruppi statuari: Cristo nel Getsemani, Ecce Homo, Cristo con la croce, La piet\u00e0) che, percorrendo via Ten. Notarnicola, via Chiarappa, via Principe Umberto, via Zara, via Scarnera, via Colapinto, raggiunge largo San Giovanni<\/p>\n<p style=\"text-align: justify;\">Ore 19,30: dalla chiesa di S. Giovanni escono i gruppi statuari del Calvario e Ges\u00f9 morto per inserirsi nel corteo processionale. La processione cos\u00ec composta prosegue per via Maggiore Orlandi, fino a Piazza Silvio Orlandi, imboccando poi via XX Settembre, per fermarsi dinanzi al portale della chiesa di S. Domenico, in attesa dell\u2019Addolorata e del Santo Legno della Croce.<\/p>\n<p style=\"text-align: justify;\">Ore 19,15: dalla chiesa di S. Domenico muove la processione dell\u2019Addolorata che, percorrendo via XX Settembre, piazza Silvio Orlandi e piazza Chiesa, raggiunge la chiesa Madre, entrando in chiesa sul finire della predica della &#8220;Passione&#8221; &#8211; &#8220;Vieni, Maria!\u201d, che sar\u00e0 iniziata alle ore 19,30. Da qui ritorna verso piazza Silvio Orlandi, per congiungersi al corteo processionale.<\/p>\n<p style=\"text-align: justify;\">Ore 20,00: dalla chiesa Madre proceder\u00e0 il Santo Legno della Croce, che attraverso piazza Chiesa, raggiunge il corteo processionale. Si compone un unico corteo processionale e contestualmente si d\u00e0 inizio alla Via Crucis, che da piazza Silvio Orlandi si snoder\u00e0 per le vie cittadine fino a raggiungere il sagrato di Santa Chiara, dove ci sar\u00e0 la Benedizione.<\/p>\n<p style=\"text-align: justify;\">&nbsp;<\/p>\n<p style=\"text-align: justify;\"><strong>Sabato Santo, 20 aprile<\/strong><\/p>\n<p style=\"text-align: justify;\">La Veglia Pasquale della Resurrezione del Signore avr\u00e0 inizio alle ore 21,30 nella Chiesa di San Giovanni e alle ore 22,00 all\u2019Ausiliatrice e in Chiesta Madre.<\/p>\n<p style=\"text-align: justify;\">Inoltre, anche gli ospiti del Pensionato Mamma Rosa avranno la possibilit\u00e0 di prendere parte alla liturgia nella chiesetta Nostra Signora di Lourdes.<\/p>\n","protected":false},"excerpt":{"rendered":"<p><img loading=\"lazy\" decoding=\"async\" src=\"https:\/\/live.staticflickr.com\/7877\/47542226742_8b06a627af_n.jpg\" alt=\"croce\" width=\"320\" height=\"212\" \/><\/p>\n","protected":false},"author":1,"featured_media":0,"comment_status":"open","ping_status":"closed","sticky":false,"template":"","format":"standard","meta":{"colormag_page_container_layout":"default_layout","colormag_page_sidebar_layout":"default_layout","footnotes":""},"categories":[6],"tags":[],"class_list":["post-16477","post","type-post","status-publish","format-standard","hentry","category-cultura"],"_links":{"self":[{"href":"https:\/\/archivioturi.lavocedelpaese.info\/index.php\/wp-json\/wp\/v2\/posts\/16477","targetHints":{"allow":["GET"]}}],"collection":[{"href":"https:\/\/archivioturi.lavocedelpaese.info\/index.php\/wp-json\/wp\/v2\/posts"}],"about":[{"href":"https:\/\/archivioturi.lavocedelpaese.info\/index.php\/wp-json\/wp\/v2\/types\/post"}],"author":[{"embeddable":true,"href":"https:\/\/archivioturi.lavocedelpaese.info\/index.php\/wp-json\/wp\/v2\/users\/1"}],"replies":[{"embeddable":true,"href":"https:\/\/archivioturi.lavocedelpaese.info\/index.php\/wp-json\/wp\/v2\/comments?post=16477"}],"version-history":[{"count":0,"href":"https:\/\/archivioturi.lavocedelpaese.info\/index.php\/wp-json\/wp\/v2\/posts\/16477\/revisions"}],"wp:attachment":[{"href":"https:\/\/archivioturi.lavocedelpaese.info\/index.php\/wp-json\/wp\/v2\/media?parent=16477"}],"wp:term":[{"taxonomy":"category","embeddable":true,"href":"https:\/\/archivioturi.lavocedelpaese.info\/index.php\/wp-json\/wp\/v2\/categories?post=16477"},{"taxonomy":"post_tag","embeddable":true,"href":"https:\/\/archivioturi.lavocedelpaese.info\/index.php\/wp-json\/wp\/v2\/tags?post=16477"}],"curies":[{"name":"wp","href":"https:\/\/api.w.org\/{rel}","templated":true}]}}