{"id":16467,"date":"2019-04-10T06:37:50","date_gmt":"2019-04-10T06:37:50","guid":{"rendered":"https:\/\/archivioturi.lavocedelpaese.info\/index.php\/2019\/04\/10\/stiamo-lavorando-a-una-lista-della-sinistra-autentica-e-impegnata\/"},"modified":"2019-04-10T06:37:50","modified_gmt":"2019-04-10T06:37:50","slug":"stiamo-lavorando-a-una-lista-della-sinistra-autentica-e-impegnata","status":"publish","type":"post","link":"https:\/\/archivioturi.lavocedelpaese.info\/index.php\/2019\/04\/10\/stiamo-lavorando-a-una-lista-della-sinistra-autentica-e-impegnata\/","title":{"rendered":"\u201cStiamo lavorando a una lista della sinistra autentica e impegnata\u201d"},"content":{"rendered":"<p><img loading=\"lazy\" decoding=\"async\" src=\"https:\/\/live.staticflickr.com\/7879\/47545739891_60bec90599_n.jpg\" alt=\"Mirta Lerede\" width=\"320\" height=\"320\" \/><\/p>\n<p style=\"text-align: center;\"><strong>Mirta Lerede: \u201cUna chance agli elettori che hanno a cuore il paese e non i propri portafogli o il proprio desiderio di scalata sociale\u201d<\/strong><\/p>\n<p style=\"text-align: center;\"><strong><br \/><\/strong><\/p>\n<p style=\"text-align: justify;\">Mentre le liste civiche \u201cTuRinasce\u201d e \u201cPatto per Turi\u201d hanno scelto il candidato sindaco che li rappresenter\u00e0 nella competizione per le comunali del 26 maggio, a sinistra continuano le manovre per presentare un progetto politico non viziato da alleanze di comodo o, per dirla con le parole di Mirta Lerede, dalla \u201csete di potere\u201d.<\/p>\n<p style=\"text-align: justify;\">Dopo aver appreso che Sinistra Italiana ha deciso di non partecipare a questa tornata elettorale, abbiamo interpellato proprio la segretaria di Rifondazione Comunista per un aggiornamento sul percorso che da alcuni mesi sta cercando di aggregare chi \u201cha a cuore il paese e non i propri portafogli o il proprio desiderio di scalata sociale\u201d.<\/p>\n<p style=\"text-align: justify;\"><strong><br \/><\/strong><\/p>\n<p style=\"text-align: justify;\"><strong>Sinistra Italiana non parteciper\u00e0 a questa competizione elettorale. Cosa far\u00e0 Rifondazione Comunista?<\/strong><\/p>\n<p style=\"text-align: justify;\">\u00abStiamo cercando di lavorare a un progetto chiaro che si inscriva nella sinistra in cui ci riconosciamo: non intendiamo pi\u00f9 prender parte, ingoiando bocconi amari, a coalizioni presunte \u201cciviche\u201d che non sono altro che ibridi senza direzione e uniti solamente dal desiderio di \u201ccomando\u201d. Non si entra in coalizione a tutti i costi: se non ci saranno i presupposti per presentarci con una nostra lista, continueremo a lavorare per costruire un progetto pi\u00f9 ambizioso, che abbracci esclusivamente la sinistra autentica e impegnata, indipendentemente da posti e incarichi\u00bb.<\/p>\n<p style=\"text-align: justify;\">&nbsp;<\/p>\n<p style=\"text-align: justify;\"><strong>Non ritiene che l\u2019elettorato di sinistra possa sentirsi \u201corfano\u201d di una coalizione in cui riconoscersi?<\/strong><\/p>\n<p style=\"text-align: justify;\">\u00abCredo che Turi intera sia al momento orfana di una politica davvero partecipata, in cui vengano rappresentati i bisogni e le istanze dei cittadini. \u00c8 questo il motivo per cui stiamo lavorando per dare una chance agli elettori che, come noi, hanno a cuore il paese e non i propri portafogli o il proprio desiderio di scalata sociale\u00bb.<\/p>\n<p style=\"text-align: justify;\">&nbsp;<\/p>\n<p style=\"text-align: justify;\"><strong>Il Partito Democratico ha rinnovato l\u2019alleanza con Impegno per Turi, aprendo anche ad alcuni rappresentanti del centrodestra. Un \u201ccompromesso\u201d ragionevole?<\/strong><\/p>\n<p style=\"text-align: justify;\">\u00abIl Partito Democratico, a Turi cos\u00ec come a livello nazionale, non fa altro che ribadire la sua vera natura, liberista e per nulla di sinistra. In questo momento si colloca tra l&#8217;altro nel luogo a lui pi\u00f9 congeniale: a destra. In aggiunta a ci\u00f2, il PD locale mostra un arrivismo che lascia sconcertati. Avendo frequentato le riunioni di maggioranza ho un vivido ricordo di quanto critiche e negative fossero le opinioni degli esponenti PD sul modus operandi di specifici consiglieri di minoranza di fazione opposta, con cui ora sono candidati. Tralasciamo poi il rapporto estremamente burrascoso con Impegno per Turi. Rivederli tutti insieme appassionatamente \u00e8 davvero surreale, oltre che chiarificatore di quanto, in taluni ambiti, sia la sete di potere, pi\u00f9 che i programmi e la coerenza, a determinare le scelte politiche\u00bb.<\/p>\n<p style=\"text-align: justify;\">&nbsp;<\/p>\n<p style=\"text-align: justify;\"><strong>Passando alla coalizione \u201cTuRinasce\u201d, che ne pensa della candidatura di Tina Resta?<\/strong><\/p>\n<p style=\"text-align: justify;\">\u00abCosa pensare di chi ha ricoperto il ruolo di assessora con la giunta De Grisantis (centrosinistra), successivamente quello di candidata Sindaca per una lista di centrosinistra ed ora quello di aspirante Prima Cittadina di una compagine di centrodestra? Valga il medesimo ragionamento gi\u00e0 fatto nella risposta precedente: la sete di potere vince su tutto. Tra l\u2019altro laddove la lista da lei capitanata dovesse vincere, l\u2019Amministrazione sarebbe nelle mani di altri ben tre Primi Cittadini di fatto, che peraltro hanno gi\u00e0 dato dimostrazione di non andare molto d&#8217;accordo: Michele Boccardi, Onofrio Resta e Tonino Coppi. Sono loro le vere anime della coalizione, come chiaramente esplicitato dal dottor Boccardi in sede di presentazione della candidata Sindaca, visto che in apertura del suo intervento ha ringraziato i due alleati (precedentemente avversari).<\/p>\n<p style=\"text-align: justify;\">Ecco, pensare che le sorti di Turi siano da sempre sotto scacco dei quarti di luna di questi politici di professione \u00e8 veramente molto mortificante: stiamo assistendo nuovamente al teatrino dei soliti notabili che si lasciano e si prendono in base ai capricci e agli umori del giorno, usando Turi come un giocattolino, convinti di poter fare e disfare tutto come i padroni del primo Novecento. Il compito della sinistra nel nostro Comune \u00e8, e sar\u00e0, proprio quello di denunciare a contrastare queste logiche aberranti\u00bb.<\/p>\n<p style=\"text-align: justify;\">&nbsp;<\/p>\n<p style=\"text-align: justify;\"><strong>Durante la presentazione si \u00e8 detto pi\u00f9 volte che Turi ha raggiunto il punto pi\u00f9 basso della sua storia. \u00c8 solo colpa dell\u2019amministrazione Coppi?<\/strong><\/p>\n<p style=\"text-align: justify;\">\u00abRitengo che neanche il pi\u00f9 scorretto tra gli avversari politici possa giungere ad addebitare problematiche ed inefficienze di un Comune agli ultimi anni di Amministrazione, tralasciando i precedenti decenni.<\/p>\n<p style=\"text-align: justify;\">Detto ci\u00f2, sentir dire che Turi ha raggiunto il punto pi\u00f9 basso della sua storia, non mi scandalizza. Si tratta di uno dei \u201cclassici\u201d di qualsivoglia campagna elettorale, quasi una frase dovuta per chiunque si candidi. Cosa avrebbero dovuto dire? Che con Gigantelli hanno raggiunto il record mondiale di rimpasti? Che l\u2019esperienza di due anni di Onofrio Resta \u00e8 stata una patetica disputa tra notabili in cui il paese \u00e8 stato solo vittima? Non potevano dirlo. Tantomeno poteva farlo Tina Resta, per anni all\u2019opposizione di questi personaggi ed ora, magicamente, il loro candidato sindaco.<\/p>\n<p style=\"text-align: justify;\">Sono piuttosto curiosa di capire inoltre in quale modo la dott.ssa Resta intenda risalire dal presunto baratro in cui Turi sarebbe finita, a partire dal fatto &#8211; di cui nessuno parla &#8211; che nei prossimi mesi decine di dipendenti storici del Comune andranno in pensione, lasciando la macchina amministrativa sprovvista di energie che non potranno essere sostituite in breve tempo. Ad ogni modo credo che il punto pi\u00f9 basso si raggiunge quando si presentano come \u201csalvatori della patria\u201d gli stessi, sempre gli stessi, che da vent\u2019anni almeno gestiscono il potere a Turi. Sembriamo prigionieri di un film che sembra non voler finire mai. Un film horror, peraltro\u00bb.<\/p>\n<p style=\"text-align: right;\"><strong>FD<\/strong> <\/p>\n","protected":false},"excerpt":{"rendered":"<p><img loading=\"lazy\" decoding=\"async\" src=\"https:\/\/live.staticflickr.com\/7879\/47545739891_60bec90599_n.jpg\" alt=\"Mirta Lerede\" width=\"320\" height=\"320\" \/><\/p>\n","protected":false},"author":1,"featured_media":0,"comment_status":"open","ping_status":"closed","sticky":false,"template":"","format":"standard","meta":{"colormag_page_container_layout":"default_layout","colormag_page_sidebar_layout":"default_layout","footnotes":""},"categories":[4],"tags":[],"class_list":["post-16467","post","type-post","status-publish","format-standard","hentry","category-politica"],"_links":{"self":[{"href":"https:\/\/archivioturi.lavocedelpaese.info\/index.php\/wp-json\/wp\/v2\/posts\/16467","targetHints":{"allow":["GET"]}}],"collection":[{"href":"https:\/\/archivioturi.lavocedelpaese.info\/index.php\/wp-json\/wp\/v2\/posts"}],"about":[{"href":"https:\/\/archivioturi.lavocedelpaese.info\/index.php\/wp-json\/wp\/v2\/types\/post"}],"author":[{"embeddable":true,"href":"https:\/\/archivioturi.lavocedelpaese.info\/index.php\/wp-json\/wp\/v2\/users\/1"}],"replies":[{"embeddable":true,"href":"https:\/\/archivioturi.lavocedelpaese.info\/index.php\/wp-json\/wp\/v2\/comments?post=16467"}],"version-history":[{"count":0,"href":"https:\/\/archivioturi.lavocedelpaese.info\/index.php\/wp-json\/wp\/v2\/posts\/16467\/revisions"}],"wp:attachment":[{"href":"https:\/\/archivioturi.lavocedelpaese.info\/index.php\/wp-json\/wp\/v2\/media?parent=16467"}],"wp:term":[{"taxonomy":"category","embeddable":true,"href":"https:\/\/archivioturi.lavocedelpaese.info\/index.php\/wp-json\/wp\/v2\/categories?post=16467"},{"taxonomy":"post_tag","embeddable":true,"href":"https:\/\/archivioturi.lavocedelpaese.info\/index.php\/wp-json\/wp\/v2\/tags?post=16467"}],"curies":[{"name":"wp","href":"https:\/\/api.w.org\/{rel}","templated":true}]}}