{"id":16424,"date":"2019-03-27T07:55:39","date_gmt":"2019-03-27T07:55:39","guid":{"rendered":"https:\/\/archivioturi.lavocedelpaese.info\/index.php\/2019\/03\/27\/via-francesco-valentini-al-buio\/"},"modified":"2019-03-27T07:55:39","modified_gmt":"2019-03-27T07:55:39","slug":"via-francesco-valentini-al-buio","status":"publish","type":"post","link":"https:\/\/archivioturi.lavocedelpaese.info\/index.php\/2019\/03\/27\/via-francesco-valentini-al-buio\/","title":{"rendered":"Via Francesco Valentini al buio"},"content":{"rendered":"<p><img loading=\"lazy\" decoding=\"async\" src=\"https:\/\/farm8.staticflickr.com\/7884\/33562193098_0dc3f0b10a.jpg\" alt=\"via valentini\" width=\"281\" height=\"320\" \/><\/p>\n<p style=\"text-align: center;\"><strong>Una circonvallazione nelle tenebre. La denuncia di un turese<\/strong><\/p>\n<p style=\"text-align: justify;\">Non passa settimana che sulle pagine Facebook che raccontano la nostra Turi non si leggano di denunce o segnalazioni di situazioni che andrebbero, con urgenza, gestite e ripristinate.<\/p>\n<p style=\"text-align: justify;\">Oggi la denuncia non arriva dalla bacheca di un nostro lettore, bens\u00ec da un messaggio che viene lasciato alla nostra segreteria: \u201cBuongiorno, sono ***, \u00e8 possibile portare all\u2019attenzione una situazione che si sta verificando da tempo? Nello specifico parlo della mancanza di illuminazione in via Francesco Valentini (zona Lidl)\u201d.<\/p>\n<p style=\"text-align: justify;\">Tuonano le parole che ascoltiamo al telefono quando contattiamo il nostro lettore. Si tratta di parole che portano la nostra attenzione ad una via che per anni \u00e8 stata al centro delle promesse e degli obiettivi di passate amministrazioni e che solo da qualche anno vede il suo completamento. Una strada importantissima, come suggerisce la nostra fonte, che unisce via Rutigliano a via Casamassima. Un\u2019arteria cittadina tanto richiesta e sulla quale si sono spese parole e che oggi rappresenta una delle strade maggiormente trafficate del paese. Posizione strategica, un grande discount che si affaccia su di questa, la vicina scuola superiore, nuovi condomini. Ecco cosa racchiude via Francesco Valentini, una via che durante il giorno \u00e8 particolarmente trafficata e ben illuminata. Poi, al calare della luce, con la chiusura della Lidl, tutto si trasforma. La strada cade in un buio totale, come dimostrano le foto e come chiunque, percorrendo a via dopo le 22.00, pu\u00f2 notare.<\/p>\n<p style=\"text-align: justify;\">Purtroppo, a peggiorare la situazione, la totale assenza di lampioni dalla met\u00e0 via fino all\u2019incrocio con l\u2019ITES. \u201cIn realt\u00e0, spiega il lettore, i lampioni di fronte al centro commerciale sono presenti ma sempre spenti, mentre il condominio che si affaccia sulla via ha provveduto autonomamente a illuminare gli ingressi delle abitazioni\u201d.<\/p>\n<p style=\"text-align: justify;\">Sembra strano che una strada cos\u00ec importante del nostro paese sia vittima di una cattiva gestione elettrica che permette, come abbiamo raccontato qualche mese fa, di essere preda di persone che approfittano del buio per commettere illeciti e rendere pericolosi i campi, dove venivano abbandonati resti di consumo di droghe.<\/p>\n<p style=\"text-align: justify;\">Perch\u00e9 questi lampioni non vengono riaccesi? Perch\u00e9 non possiamo avere delle strade ben illuminate? Perch\u00e9 dobbiamo attendere che accada qualcosa di brutto prima di sistemare qualcosa?<\/p>\n<p style=\"text-align: right;\"><strong>C.D.<\/strong><\/p>\n","protected":false},"excerpt":{"rendered":"<p><img loading=\"lazy\" decoding=\"async\" src=\"https:\/\/farm8.staticflickr.com\/7884\/33562193098_0dc3f0b10a.jpg\" alt=\"via valentini\" width=\"281\" height=\"320\" \/><\/p>\n","protected":false},"author":1,"featured_media":0,"comment_status":"open","ping_status":"closed","sticky":false,"template":"","format":"standard","meta":{"colormag_page_container_layout":"default_layout","colormag_page_sidebar_layout":"default_layout","footnotes":""},"categories":[8],"tags":[],"class_list":["post-16424","post","type-post","status-publish","format-standard","hentry","category-cronaca"],"_links":{"self":[{"href":"https:\/\/archivioturi.lavocedelpaese.info\/index.php\/wp-json\/wp\/v2\/posts\/16424","targetHints":{"allow":["GET"]}}],"collection":[{"href":"https:\/\/archivioturi.lavocedelpaese.info\/index.php\/wp-json\/wp\/v2\/posts"}],"about":[{"href":"https:\/\/archivioturi.lavocedelpaese.info\/index.php\/wp-json\/wp\/v2\/types\/post"}],"author":[{"embeddable":true,"href":"https:\/\/archivioturi.lavocedelpaese.info\/index.php\/wp-json\/wp\/v2\/users\/1"}],"replies":[{"embeddable":true,"href":"https:\/\/archivioturi.lavocedelpaese.info\/index.php\/wp-json\/wp\/v2\/comments?post=16424"}],"version-history":[{"count":0,"href":"https:\/\/archivioturi.lavocedelpaese.info\/index.php\/wp-json\/wp\/v2\/posts\/16424\/revisions"}],"wp:attachment":[{"href":"https:\/\/archivioturi.lavocedelpaese.info\/index.php\/wp-json\/wp\/v2\/media?parent=16424"}],"wp:term":[{"taxonomy":"category","embeddable":true,"href":"https:\/\/archivioturi.lavocedelpaese.info\/index.php\/wp-json\/wp\/v2\/categories?post=16424"},{"taxonomy":"post_tag","embeddable":true,"href":"https:\/\/archivioturi.lavocedelpaese.info\/index.php\/wp-json\/wp\/v2\/tags?post=16424"}],"curies":[{"name":"wp","href":"https:\/\/api.w.org\/{rel}","templated":true}]}}