{"id":1640,"date":"2010-03-11T23:48:31","date_gmt":"2010-03-11T23:48:31","guid":{"rendered":"https:\/\/archivioturi.lavocedelpaese.info\/index.php\/2010\/03\/11\/salice-in-silenzio-stampa-dopo-le-dimissioni\/"},"modified":"2010-03-11T23:48:31","modified_gmt":"2010-03-11T23:48:31","slug":"salice-in-silenzio-stampa-dopo-le-dimissioni","status":"publish","type":"post","link":"https:\/\/archivioturi.lavocedelpaese.info\/index.php\/2010\/03\/11\/salice-in-silenzio-stampa-dopo-le-dimissioni\/","title":{"rendered":"SALICE IN SILENZIO-STAMPA NEL POST DIMISSIONI"},"content":{"rendered":"<div style=\"text-align: justify;\"><img loading=\"lazy\" decoding=\"async\" class=\" size-full wp-image-1331\" alt=\"salice\" src=\"https:\/\/archivioturi.lavocedelpaese.info\/wp-content\/uploads\/2010\/01\/salice.jpg\" height=\"150\" width=\"320\" srcset=\"https:\/\/archivioturi.lavocedelpaese.info\/wp-content\/uploads\/2010\/01\/salice.jpg 640w, https:\/\/archivioturi.lavocedelpaese.info\/wp-content\/uploads\/2010\/01\/salice-300x141.jpg 300w\" sizes=\"auto, (max-width: 320px) 100vw, 320px\" \/><\/div>\n<div style=\"text-align: justify;\"><\/div>\n<div style=\"text-align: justify;\"><span style=\"font-size: 10pt;\"><span style=\"font-family: verdana,geneva;\">Piove sul bagnato. Pietro Salice si \u00e8 dimesso da coordinatore del Partito democratico di Turi. Gli elettori del Pd ci sono rimasti malissimo e: \u201cLo poteva fare dopo le elezioni regionali, oppure lo doveva aver fatto prima. Invece, ha scelto adesso, in piena campagna elettorale. Perch\u00e9?\u201d Volevamo chiedergli anche noi perch\u00e9 ma non ci risponde al telefono, \u00e8 in silenzio stampa, come d\u2019altronde altri del partito ai quali ci siamo rivolti, ma non danno segni di vita. Comunque, il comportamento di un segretario che si dimette, si nega al telefono e non vuole dare una spiegazione n\u00e9 al redattore, n\u00e9 al lettore, n\u00e9 all\u2019elettore del suo partito che vuole essere informato, si qualifica da solo. L\u2019unico che ha acconsentito a rilasciare una dichiarazione \u00e8 stato l\u2019ex segretario del Pd, Donato Giuliani. Ecco una breve sintesi di ci\u00f2 che ci ha detto.<\/span><\/span><\/div>\n<p style=\"text-align: justify;\"><span style=\"font-size: 10pt;\"><span style=\"font-family: verdana,geneva;\">\u201cLa notizia delle dimissioni \u00e8 arrivata agli esponenti del Coordinamento del partito con una mail. A me niente mail, dato che non faccio parte del coordinamento. Me lo ha detto il consigliere Risplendente e mi ha lasciato sconfortato. <strong>A 20 giorni dalle Regionali non si fanno queste cose<\/strong>. Significa non avere coscienza di partito. Da ricordare che Salice disse quando mi subentr\u00f2 come segretario, che sarebbe arrivato fino al congresso. Non ha mantenuto la promessa. Poteva dimettersi prima. A questo punto devo pensare che sia tutto premeditato. Avr\u00e0 lasciato la segreteria forse per paura di fare cattiva figura su Turi per un <strong>annunciato calo di voti<\/strong>. Oppure il fatto che, dato che la sede \u00e8 sempre chiusa, io la riunione con il candidato che appoggio alle regionali l\u2019avrei fatta nel mio studio. Domenica, quando lui accenn\u00f2 a questa eventualit\u00e0, gli dicemmo che non era proprio il momento. Invece ha fatto da solo senza ascoltarci. Non so le motivazioni. Ora aspettiamo le direttive da Bari che ci faranno sapere se sar\u00e0 Risplendente, come unico consigliere comunale del Pd, a fare il commissario del partito in attesa del congresso che si terr\u00e0 subito dopo le votazioni. Qui <strong>a Turi il partito si sta sgretolando <\/strong>e non si pu\u00f2 pensare di restare troppo tempo senza il nuovo segretario. Anche perch\u00e9 fra 2 anni ci sono le elezioni comunali.\u201d<\/span><\/span><\/p>\n","protected":false},"excerpt":{"rendered":"<div style=\"text-align: justify;\"><img loading=\"lazy\" decoding=\"async\" class=\" size-full wp-image-1331\" alt=\"salice\" src=\"https:\/\/archivioturi.lavocedelpaese.info\/wp-content\/uploads\/2010\/01\/salice.jpg\" height=\"150\" width=\"320\" srcset=\"https:\/\/archivioturi.lavocedelpaese.info\/wp-content\/uploads\/2010\/01\/salice.jpg 640w, https:\/\/archivioturi.lavocedelpaese.info\/wp-content\/uploads\/2010\/01\/salice-300x141.jpg 300w\" sizes=\"auto, (max-width: 320px) 100vw, 320px\" \/><\/div>\n","protected":false},"author":1,"featured_media":1331,"comment_status":"open","ping_status":"closed","sticky":false,"template":"","format":"standard","meta":{"colormag_page_container_layout":"default_layout","colormag_page_sidebar_layout":"default_layout","footnotes":""},"categories":[4],"tags":[],"class_list":["post-1640","post","type-post","status-publish","format-standard","has-post-thumbnail","hentry","category-politica"],"_links":{"self":[{"href":"https:\/\/archivioturi.lavocedelpaese.info\/index.php\/wp-json\/wp\/v2\/posts\/1640","targetHints":{"allow":["GET"]}}],"collection":[{"href":"https:\/\/archivioturi.lavocedelpaese.info\/index.php\/wp-json\/wp\/v2\/posts"}],"about":[{"href":"https:\/\/archivioturi.lavocedelpaese.info\/index.php\/wp-json\/wp\/v2\/types\/post"}],"author":[{"embeddable":true,"href":"https:\/\/archivioturi.lavocedelpaese.info\/index.php\/wp-json\/wp\/v2\/users\/1"}],"replies":[{"embeddable":true,"href":"https:\/\/archivioturi.lavocedelpaese.info\/index.php\/wp-json\/wp\/v2\/comments?post=1640"}],"version-history":[{"count":0,"href":"https:\/\/archivioturi.lavocedelpaese.info\/index.php\/wp-json\/wp\/v2\/posts\/1640\/revisions"}],"wp:featuredmedia":[{"embeddable":true,"href":"https:\/\/archivioturi.lavocedelpaese.info\/index.php\/wp-json\/wp\/v2\/media\/1331"}],"wp:attachment":[{"href":"https:\/\/archivioturi.lavocedelpaese.info\/index.php\/wp-json\/wp\/v2\/media?parent=1640"}],"wp:term":[{"taxonomy":"category","embeddable":true,"href":"https:\/\/archivioturi.lavocedelpaese.info\/index.php\/wp-json\/wp\/v2\/categories?post=1640"},{"taxonomy":"post_tag","embeddable":true,"href":"https:\/\/archivioturi.lavocedelpaese.info\/index.php\/wp-json\/wp\/v2\/tags?post=1640"}],"curies":[{"name":"wp","href":"https:\/\/api.w.org\/{rel}","templated":true}]}}