{"id":16398,"date":"2019-03-20T09:07:55","date_gmt":"2019-03-20T09:07:55","guid":{"rendered":"https:\/\/archivioturi.lavocedelpaese.info\/index.php\/2019\/03\/20\/il-partito-democratico-apre-la-campagna-elettorale\/"},"modified":"2019-03-20T09:07:55","modified_gmt":"2019-03-20T09:07:55","slug":"il-partito-democratico-apre-la-campagna-elettorale","status":"publish","type":"post","link":"https:\/\/archivioturi.lavocedelpaese.info\/index.php\/2019\/03\/20\/il-partito-democratico-apre-la-campagna-elettorale\/","title":{"rendered":"Il Partito Democratico apre la campagna elettorale"},"content":{"rendered":"<p><img loading=\"lazy\" decoding=\"async\" src=\"https:\/\/farm8.staticflickr.com\/7886\/46467695945_8173ba9845_n.jpg\" alt=\"Domenica Laruccia\" width=\"210\" height=\"320\" \/><\/p>\n<p style=\"text-align: center;\"><strong>Si lavora a una &#8220;lista allargata&#8221; che non ceda il fianco al &#8220;guazzabuglio elettorale&#8221;<\/strong><\/p>\n<p style=\"text-align: justify;\">Conclusa la fase congressuale, il Partito Democratico inizia a concentrarsi sull&#8217;appuntamento con le elezioni che, il prossimo 26 maggio, porteranno a decretare la nuova amministrazione di Turi.<\/p>\n<p style=\"text-align: justify;\"><a href=\"http:\/\/www.turiweb.it\/politica\/39166-qdemocratici-e-coerentiq.html\" target=\"_blank\" rel=\"noopener\">L&#8217;apertura della campagna elettorale \u00e8 affidata a un post<\/a>, pubblicato sulla propria pagina Facebook, in cui si auspica di creare un &#8220;gruppo di persone perbene e di intenti comuni&#8221;. Una &#8220;squadra un po\u2019 pi\u00f9 coesa&#8221; di quella che ha sostenuto il governo Coppi e che, come ogni buon agricoltore, sappia imparare dagli errori commessi in passato e trovare nel confronto con i cittadini lo slancio per essere incisivi nell&#8217;azione del futuro governo cittadino.<\/p>\n<p style=\"text-align: justify;\">Nessuna ipocrisia: anche il centrosinistra dovr\u00e0 lavorare a un &#8220;lista allargata&#8221;. Una lista di soli democratici, sebbene &#8220;sarebbe la soluzione migliore, \u00e8 quasi impossibile da realizzare nei piccoli paesi come Turi&#8221;. Ma a tutto va posto un limite e il Partito Democratico fissa l&#8217;asticella, escludendo &#8220;guazzabugli elettorali&#8221; o coalizione inverosimili che riducano a una &#8220;barzelletta&#8221; l&#8217;agone politico.<\/p>\n<p style=\"text-align: justify;\">La dichiarazione d&#8217;intenti dei democratici turesi, che pubblichiamo integralmente, tocca i contenuti pi\u00f9 interessanti dell&#8217;attuale fase della competizione elettorale, offrendo vari spunti di riflessione che abbiamo provato a seguire insieme alla segretaria cittadina Domenica Laruccia nell&#8217;intervista che vi proponiamo.<\/p>\n<p style=\"text-align: justify;\">&nbsp;<\/p>\n<p style=\"text-align: justify;\"><strong>Tra le possibili intese state valutando di rinnovare la sinergia con il Movimento Impegno per Turi?<\/strong><\/p>\n<p style=\"text-align: justify;\">\u00abIl Partito Democratico sta provando, da tempo a mettere insieme persone capaci con le quali condividere programmi e prospettive per il nostro Paese.Impegno per Turi \u00e8 uno degli interlocutori con cui stiamo dialogando\u00bb.<\/p>\n<p style=\"text-align: justify;\">&nbsp;<\/p>\n<p style=\"text-align: justify;\"><strong>Ci sar\u00e0 un accordo con Sinistra Italiana e Rifondazione Comunista o le divergenze sull&#8217;esito della precedente amministrazione sono ancora un ostacolo?<\/strong><\/p>\n<p style=\"text-align: justify;\">\u00abNon sono le divergenze sull\u2019esito dell\u2019amministrazione Coppi a frenarci nel dialogo con Rifondazione e Sinistra Italiana, bens\u00ec i mancati risultati che si sono portati a casa, e le conseguenze sono sotto gli occhi di tutti. Inoltre mi risulta che seguiamo, a Turi, percorsi ed obiettivi diversi\u00bb.<\/p>\n<p style=\"text-align: justify;\">&nbsp;<\/p>\n<p style=\"text-align: justify;\"><strong>Ci \u00e8 giunta notizia di un &#8220;laboratorio politico&#8221; che il PD avrebbe avviato con Michele Boccardi, prima che l&#8217;ex senatore decidesse di spostare la sua attenzione sulle forze di centrodestra. C&#8217;\u00e8 qualcosa di fondato in questa voce?<\/strong><\/p>\n<p style=\"text-align: justify;\">\u00abAbbiamo parlato anche con Michele Boccardi, ma non esiste alcun laboratorio politico. I laboratori si formano attorno alle persone coinvolte e ai progetti condivisi. Al tavolo del centrodestra, il PD, non si \u00e8 mai seduto, e aggiungo che non si sieder\u00e0 finch\u00e9 i commensali resteranno quelli ad oggi prospettati\u00bb.<\/p>\n<p style=\"text-align: justify;\">&nbsp;<\/p>\n<p style=\"text-align: justify;\"><strong>Quando parlate di &#8220;guazzabuglio elettorale&#8221; ci pare chiaro il riferimento alla coalizione di centrodestra. Quale differenza c&#8217;\u00e8 tra questo &#8220;listone&#8221; e quello che port\u00f2 all&#8217;elezione di Menino Coppi?<\/strong><\/p>\n<p style=\"text-align: justify;\">\u00abC\u2019\u00e8 una differenza sostanziale: nel \u201clistone\u201d c\u2019erano forze giovani che non si erano mai commisurate con l\u2019amministrazione della cosa pubblica, e c\u2019era un progetto comune che trov\u00f2 la sua sintesi in Menino Coppi. Nel \u201cguazzabuglio elettorale\u201d, invece, ci sono forze che hanno provato gi\u00e0 ad amministrare, talvolta insieme, producendo risultati devastanti per il territorio, lotte interne per ricoprire un ruolo piuttosto che un altro, perseguendo i propri interessi. Certo, se il guazzabuglio dovesse andare al governo allora s\u00ec che avrebbe una cosa in comune con il listone Coppi: la fine prematura del mandato\u00bb.<\/p>\n<p style=\"text-align: justify;\">&nbsp;<\/p>\n<p style=\"text-align: justify;\"><strong>Si ipotizza il nome di Tina Resta come candidato sindaco del centrodestra. Avreste voluto pensarci per primi o avete in mente un&#8217;altra tipologia di candidato sindaco?<\/strong><\/p>\n<p style=\"text-align: justify;\">\u00abEcco a proposito di ruoli e principi, la notizia, se confermata, del ritorno nell\u2019agone politico di Tina Resta come sindaca della coalizione di centro destra, ci lascia perplessi perch\u00e9 il suo passato recita altro.<\/p>\n<p style=\"text-align: justify;\">Comunque alla domanda rispondo NO, non abbiamo mai pensato a Tina Resta nostro sindaco non perch\u00e9 non meritevole ma perch\u00e9 la figura del sindaco deve essere la sintesi delle forze politiche che decidono di scendere in campo insieme. Usando un inglesismo, se mi permette, la scelta deve essere bottom up non top down\u00bb.<\/p>\n<p style=\"text-align: justify;\">&nbsp;<\/p>\n<p style=\"text-align: justify;\"><strong>Nel post affermate che la coerenza \u00e8 un vostro tratto distintivo. Giuseppe Tardi si \u00e8 dimesso dal ruolo di vicesegretario all&#8217;indomani della sfiducia al sindaco Coppi, quando il PD avrebbe dovuto dimostrare una posizione compatta. Qualche mese pi\u00f9 tardi \u00e8 rientrato nel partito. Giudica coerente questo comportamento?<\/strong><\/p>\n<p style=\"text-align: justify;\">\u00abGiuseppe Tardi si dimise, per la nostra posizione autolesionista di tutela del sindaco e dell\u2019Amministrazione. Per mesi gli abbiamo chiesto di dare ancora una possibilit\u00e0 alla maggioranza, abbiamo sperato fino all\u2019ultimo di portare a casa almeno un risultato, ma all\u2019ennesimo traccheggio prefer\u00ec essere fedele al mandato che i cittadini gli avevano affidato votandolo: \u201cProvare a cambiare Turi\u201d.<\/p>\n<p style=\"text-align: justify;\">Tardi \u00e8 stato corretto oltre che coerente. E aggiungo, alla fine Coppi non si \u00e8 pi\u00f9 tesserato. Aveva ragione Tardi sulla disaffezione dell\u2019ex primo cittadino verso il nostro Partito e il nostro gruppo. Oggi mi sento di dire Bentornato Giuseppe\u00bb.<\/p>\n<p style=\"text-align: right;\"><strong>FD<\/strong><\/p>\n","protected":false},"excerpt":{"rendered":"<p><img loading=\"lazy\" decoding=\"async\" src=\"https:\/\/farm8.staticflickr.com\/7886\/46467695945_8173ba9845_n.jpg\" alt=\"Domenica Laruccia\" width=\"210\" height=\"320\" \/><\/p>\n","protected":false},"author":1,"featured_media":0,"comment_status":"open","ping_status":"closed","sticky":false,"template":"","format":"standard","meta":{"colormag_page_container_layout":"default_layout","colormag_page_sidebar_layout":"default_layout","footnotes":""},"categories":[4],"tags":[],"class_list":["post-16398","post","type-post","status-publish","format-standard","hentry","category-politica"],"_links":{"self":[{"href":"https:\/\/archivioturi.lavocedelpaese.info\/index.php\/wp-json\/wp\/v2\/posts\/16398","targetHints":{"allow":["GET"]}}],"collection":[{"href":"https:\/\/archivioturi.lavocedelpaese.info\/index.php\/wp-json\/wp\/v2\/posts"}],"about":[{"href":"https:\/\/archivioturi.lavocedelpaese.info\/index.php\/wp-json\/wp\/v2\/types\/post"}],"author":[{"embeddable":true,"href":"https:\/\/archivioturi.lavocedelpaese.info\/index.php\/wp-json\/wp\/v2\/users\/1"}],"replies":[{"embeddable":true,"href":"https:\/\/archivioturi.lavocedelpaese.info\/index.php\/wp-json\/wp\/v2\/comments?post=16398"}],"version-history":[{"count":0,"href":"https:\/\/archivioturi.lavocedelpaese.info\/index.php\/wp-json\/wp\/v2\/posts\/16398\/revisions"}],"wp:attachment":[{"href":"https:\/\/archivioturi.lavocedelpaese.info\/index.php\/wp-json\/wp\/v2\/media?parent=16398"}],"wp:term":[{"taxonomy":"category","embeddable":true,"href":"https:\/\/archivioturi.lavocedelpaese.info\/index.php\/wp-json\/wp\/v2\/categories?post=16398"},{"taxonomy":"post_tag","embeddable":true,"href":"https:\/\/archivioturi.lavocedelpaese.info\/index.php\/wp-json\/wp\/v2\/tags?post=16398"}],"curies":[{"name":"wp","href":"https:\/\/api.w.org\/{rel}","templated":true}]}}