{"id":16374,"date":"2019-03-13T06:25:04","date_gmt":"2019-03-13T06:25:04","guid":{"rendered":"https:\/\/archivioturi.lavocedelpaese.info\/index.php\/2019\/03\/13\/giacomo-de-carolis-si-dimette\/"},"modified":"2019-03-13T06:25:04","modified_gmt":"2019-03-13T06:25:04","slug":"giacomo-de-carolis-si-dimette","status":"publish","type":"post","link":"https:\/\/archivioturi.lavocedelpaese.info\/index.php\/2019\/03\/13\/giacomo-de-carolis-si-dimette\/","title":{"rendered":"Giacomo De Carolis si dimette"},"content":{"rendered":"<p><img loading=\"lazy\" decoding=\"async\" src=\"https:\/\/farm8.staticflickr.com\/7875\/47260956122_8cb6b8b282_n.jpg\" alt=\"Giacomo De Carolis\" width=\"228\" height=\"320\" \/><\/p>\n<p style=\"text-align: center;\"><strong>La coalizione di centrodestra stringe i ranghi attorno a Tina Resta<\/strong><\/p>\n<p style=\"text-align: justify;\">Negli ultimi giorni, se si volesse dare credito alle varie voci che hanno iniziato a circolare, la coalizione di centrodestra si sarebbe &#8220;rotta&#8221; e poi &#8220;rincollata&#8221; almeno una decina di volte. Questa &#8220;strategia del caos&#8221; \u00e8 il pegno che si \u00e8 chiamati a pagare per aver lavorato a una &#8220;lista corazzata&#8221; che, per il potenziale dei protagonisti che ha in pancia, preoccupa un po&#8217; tutti. Del resto, se riesci a far convivere nello stesso spazio le tre principali espressioni della destra e una buona parte dei cosiddetti &#8220;indipendenti di centro&#8221;, il minimo sindacale \u00e8 che a qualcuno l&#8217;operazione non vada a genio e si provi a far scricchiolare l&#8217;alleanza.<\/p>\n<p style=\"text-align: justify;\">In quest&#8217;ottica, potrebbe trovare una lettura plausibile la notizia, arrivata a ridosso della chiusura del giornale, delle dimissioni del coordinatore cittadino di Fratelli d&#8217;Italia, Giacomo De Carolis. Al momento non sono note le motivazioni che abbiano portato a questa inaspettata risoluzione e De Carolis, contattato telefonicamente, ha preferito non rilasciare nessuna dichiarazione: ritiene corretto prima confrontarsi con i vertici del partito e poi chiarire la propria posizione con la stampa.<\/p>\n<p style=\"text-align: justify;\">Tenendo conto dei retroscena, un&#8217;ipotesi su questo fulmine a ciel sereno possiamo arrischiarla. De Carolis potrebbe aver deciso di lasciare la guida di Fratelli d&#8217;Italia per avvicinarsi a una frangia interna allo stesso &#8220;listone&#8221;, che si sentirebbe rappresentata da Onofrio Resta e avrebbe mal digerito la proposta di mettere alla guida della coalizione Tina Resta. Il Professore, che in principio era dato come sostenitore del progetto partorito da Michele Boccardi, avrebbe iniziato a giocare la sua partita, rifiutando con garbo il piatto servito dal (quasi ex) senatore e cercando di guadagnare uno spazio autonomo. Se questa ipotesi fosse corretta, potremmo a breve avere notizia della nascita di una nuova lista: un &#8220;gruppo centrista&#8221; che sceglierebbe come candidato sindaco proprio Onofrio Resta.<\/p>\n<p style=\"text-align: justify;\">Per quanto ci \u00e8 dato sapere, la scelta di De Carolis non ha fermato i lavori di cementificazione della coalizione, che progressivamente si starebbe stringendo attorno a Tina Resta. La candidata sindaco in pectore avrebbe conquistando il favore della maggior parte degli attori in virt\u00f9 della piena convergenza sugli obiettivi da raggiungere.<\/p>\n<p style=\"text-align: justify;\">Vale pi\u00f9 che mai la massima degli strateghi politici: si concorre in poesia ma si governa in prosa. Al di l\u00e0 degli intenti e delle promesse che spesso si sprecano in campagna elettorale, l&#8217;ossatura di questo &#8220;listone&#8221; \u00e8 consapevole che amministrare il paese richieder\u00e0 uno sforzo in pi\u00f9: personale e risorse economiche sono ai minimi storici e i problemi da affrontare nel breve termine sono davvero tanti. E proprio per l&#8217;impegno che sar\u00e0 necessario, una posizione di principio parrebbe gi\u00e0 assodata: ogni membro della futura squadra di governo, a prescindere dal ruolo occupato, dovr\u00e0 mettere a disposizione della macchina amministrativa buona parte del proprio tempo. Dunque potrebbe essere chiesto di fare un passo indietro a chi riveste gi\u00e0 pi\u00f9 incarichi o si candida solo per velleit\u00e0 personali.<\/p>\n<p style=\"text-align: right;\"><strong>FD<\/strong><\/p>\n","protected":false},"excerpt":{"rendered":"<p><img loading=\"lazy\" decoding=\"async\" src=\"https:\/\/farm8.staticflickr.com\/7875\/47260956122_8cb6b8b282_n.jpg\" alt=\"Giacomo De Carolis\" width=\"228\" height=\"320\" \/><\/p>\n","protected":false},"author":1,"featured_media":0,"comment_status":"open","ping_status":"closed","sticky":false,"template":"","format":"standard","meta":{"colormag_page_container_layout":"default_layout","colormag_page_sidebar_layout":"default_layout","footnotes":""},"categories":[4],"tags":[],"class_list":["post-16374","post","type-post","status-publish","format-standard","hentry","category-politica"],"_links":{"self":[{"href":"https:\/\/archivioturi.lavocedelpaese.info\/index.php\/wp-json\/wp\/v2\/posts\/16374","targetHints":{"allow":["GET"]}}],"collection":[{"href":"https:\/\/archivioturi.lavocedelpaese.info\/index.php\/wp-json\/wp\/v2\/posts"}],"about":[{"href":"https:\/\/archivioturi.lavocedelpaese.info\/index.php\/wp-json\/wp\/v2\/types\/post"}],"author":[{"embeddable":true,"href":"https:\/\/archivioturi.lavocedelpaese.info\/index.php\/wp-json\/wp\/v2\/users\/1"}],"replies":[{"embeddable":true,"href":"https:\/\/archivioturi.lavocedelpaese.info\/index.php\/wp-json\/wp\/v2\/comments?post=16374"}],"version-history":[{"count":0,"href":"https:\/\/archivioturi.lavocedelpaese.info\/index.php\/wp-json\/wp\/v2\/posts\/16374\/revisions"}],"wp:attachment":[{"href":"https:\/\/archivioturi.lavocedelpaese.info\/index.php\/wp-json\/wp\/v2\/media?parent=16374"}],"wp:term":[{"taxonomy":"category","embeddable":true,"href":"https:\/\/archivioturi.lavocedelpaese.info\/index.php\/wp-json\/wp\/v2\/categories?post=16374"},{"taxonomy":"post_tag","embeddable":true,"href":"https:\/\/archivioturi.lavocedelpaese.info\/index.php\/wp-json\/wp\/v2\/tags?post=16374"}],"curies":[{"name":"wp","href":"https:\/\/api.w.org\/{rel}","templated":true}]}}