{"id":16340,"date":"2019-03-02T06:27:39","date_gmt":"2019-03-02T06:27:39","guid":{"rendered":"https:\/\/archivioturi.lavocedelpaese.info\/index.php\/2019\/03\/02\/primarie-pd-la-parola-alla-democrazia\/"},"modified":"2019-03-02T06:27:39","modified_gmt":"2019-03-02T06:27:39","slug":"primarie-pd-la-parola-alla-democrazia","status":"publish","type":"post","link":"https:\/\/archivioturi.lavocedelpaese.info\/index.php\/2019\/03\/02\/primarie-pd-la-parola-alla-democrazia\/","title":{"rendered":"Primarie PD, la parola alla democrazia"},"content":{"rendered":"<p><img loading=\"lazy\" decoding=\"async\" src=\"https:\/\/farm8.staticflickr.com\/7919\/40277270023_b4143953f1_n.jpg\" alt=\"locandina primarie pd\" width=\"235\" height=\"320\" \/><\/p>\n<p style=\"text-align: justify;\">Domenica 3 marzo 2019 si svolgeranno le primarie per eleggere il nuovo Segretario e l\u2019Assemblea Nazionale del Partito Democratico. Le votazioni, aperte ai tesserati in maniera gratuita e ai simpatizzanti e cittadini tutti con il pagamento di una cifra simbolica di 2 euro, si terranno presso la nuova sede del Circolo di Turi in via Maggiore Orlandi 21, dalle 8.00 alle 20.00.<\/p>\n<p style=\"text-align: justify;\">Le primarie rappresentano per il PD un momento di democrazia e un\u2019occasione per discutere e condividere i temi e gli argomenti di attualit\u00e0 nazionale e locale, per questo ci auguriamo che la cittadinanza partecipi alle votazioni e che affronti con noi le problematiche e le potenzialit\u00e0 del nostro paese.<\/p>\n<p style=\"text-align: justify;\">Ci piacerebbe continuare a discutere di temi che ci stanno particolarmente a cuore e che nonostante le nostre continue segnalazioni ed indicazioni, durante l\u2019amministrazione precedente non sono mai stati, colpevolmente, analizzati o approfonditi.<\/p>\n<p style=\"text-align: justify;\">Pensiamo alla SICUREZZA, un tema fondamentale che vogliamo affrontare in maniera differente rispetto a chi utilizza la leva della paura per creare consenso: \u00e8 necessario essere propositivi e non critici e basta.<\/p>\n<p style=\"text-align: justify;\">Apprezziamo l\u2019indagine avviata da Commissario sullo stato della <strong>Pubblica Illuminazione<\/strong>, perch\u00e9 solo cos\u00ec si pu\u00f2 capire come operare al meglio per evitare spreco di denaro pubblico e magari proporre un sistema di <strong>videosorveglianza<\/strong> integrato. Vogliamo essere propositivi anche sul tema <strong>Scuola<\/strong>. Piuttosto che generare falsi allarmismi, sarebbe opportuno una verifica dei plessi e cominciare a predisporre un progetto che possa portare a Turi il finanziamento ad hoc sulla sicurezza delle scuole che uscir\u00e0 nei prossimi mesi, cos\u00ec non sar\u00e0 necessario distogliere adesso attenzione e fondi a dispetto di strade o altro. Importantissimo anche il proseguimento della manutenzione delle <strong>Strade urbane ed extraurbane<\/strong>, che il Commissario ha finalmente avviato: anche in questo caso monitoreremo come verranno spesi i fondi e ci assicureremo che le strade sistemate non vengano consegnate senza la perfetta regola d\u2019arte.<\/p>\n<p style=\"text-align: justify;\">Un altro tema a noi caro \u00e8 il <strong>CAMPO SPORTIVO<\/strong>: come partito abbiamo chiesto al Commissario di cominciare a discutere con il CONI per un finanziamento di 150mila euro di cui monitoreremo l\u2019avanzamento dei lavori perch\u00e9 non si arrivi di nuovo a spendere soldi pubblici senza un reale miglioramento delle condizioni di gioco.<\/p>\n<p style=\"text-align: justify;\">Stiamo organizzando un incontro con esponenti della Regione per approfondire il tema del DUC (distretto unico del commercio) con i nostri<strong> COMMERCIANTI<\/strong>, per dar loro uno strumento di politica organica, supporto al commercio e salvaguardia del territorio.<\/p>\n<p style=\"text-align: justify;\">E ancora il <strong>CIMITERO<\/strong>: vorremmo riprendere da dove abbiamo interrotto qualche mese fa, cio\u00e8 proporre un project financing per finanziare i lavori di recupero e ampliamento che da troppo tempo sono stati dimenticati. Tutto questo ci piacerebbe farlo con tutti coloro che ci verranno a trovare Domenica 3 marzo e con tutti i professionisti, associazioni e movimenti politici che in questi anni hanno cercato di far crescere Turi.<\/p>\n<p style=\"text-align: justify;\">Vi aspettiamo.<\/p>\n<p style=\"text-align: right;\"><strong>Partito Democratico <\/strong><br \/><strong>Circolo di Turi<\/strong><\/p>\n<p><img loading=\"lazy\" decoding=\"async\" src=\"https:\/\/farm8.staticflickr.com\/7919\/40277270023_b4143953f1.jpg\" alt=\"locandina primarie pd\" style=\"display: block; margin-left: auto; margin-right: auto;\" width=\"367\" height=\"500\" \/><\/p>\n","protected":false},"excerpt":{"rendered":"<p><img loading=\"lazy\" decoding=\"async\" src=\"https:\/\/farm8.staticflickr.com\/7919\/40277270023_b4143953f1_n.jpg\" alt=\"locandina primarie pd\" width=\"235\" height=\"320\" \/><\/p>\n","protected":false},"author":1,"featured_media":0,"comment_status":"open","ping_status":"closed","sticky":false,"template":"","format":"standard","meta":{"colormag_page_container_layout":"default_layout","colormag_page_sidebar_layout":"default_layout","footnotes":""},"categories":[4],"tags":[],"class_list":["post-16340","post","type-post","status-publish","format-standard","hentry","category-politica"],"_links":{"self":[{"href":"https:\/\/archivioturi.lavocedelpaese.info\/index.php\/wp-json\/wp\/v2\/posts\/16340","targetHints":{"allow":["GET"]}}],"collection":[{"href":"https:\/\/archivioturi.lavocedelpaese.info\/index.php\/wp-json\/wp\/v2\/posts"}],"about":[{"href":"https:\/\/archivioturi.lavocedelpaese.info\/index.php\/wp-json\/wp\/v2\/types\/post"}],"author":[{"embeddable":true,"href":"https:\/\/archivioturi.lavocedelpaese.info\/index.php\/wp-json\/wp\/v2\/users\/1"}],"replies":[{"embeddable":true,"href":"https:\/\/archivioturi.lavocedelpaese.info\/index.php\/wp-json\/wp\/v2\/comments?post=16340"}],"version-history":[{"count":0,"href":"https:\/\/archivioturi.lavocedelpaese.info\/index.php\/wp-json\/wp\/v2\/posts\/16340\/revisions"}],"wp:attachment":[{"href":"https:\/\/archivioturi.lavocedelpaese.info\/index.php\/wp-json\/wp\/v2\/media?parent=16340"}],"wp:term":[{"taxonomy":"category","embeddable":true,"href":"https:\/\/archivioturi.lavocedelpaese.info\/index.php\/wp-json\/wp\/v2\/categories?post=16340"},{"taxonomy":"post_tag","embeddable":true,"href":"https:\/\/archivioturi.lavocedelpaese.info\/index.php\/wp-json\/wp\/v2\/tags?post=16340"}],"curies":[{"name":"wp","href":"https:\/\/api.w.org\/{rel}","templated":true}]}}