{"id":16333,"date":"2019-02-27T13:39:32","date_gmt":"2019-02-27T13:39:32","guid":{"rendered":"https:\/\/archivioturi.lavocedelpaese.info\/index.php\/2019\/02\/27\/matrimoni-e-unioni-civili-arriva-il-nuovo-regolamento\/"},"modified":"2019-02-27T13:39:32","modified_gmt":"2019-02-27T13:39:32","slug":"matrimoni-e-unioni-civili-arriva-il-nuovo-regolamento","status":"publish","type":"post","link":"https:\/\/archivioturi.lavocedelpaese.info\/index.php\/2019\/02\/27\/matrimoni-e-unioni-civili-arriva-il-nuovo-regolamento\/","title":{"rendered":"Matrimoni e Unioni Civili, arriva il nuovo Regolamento"},"content":{"rendered":"<p><img loading=\"lazy\" decoding=\"async\" src=\"https:\/\/farm8.staticflickr.com\/7902\/40205774963_b0d2d9119d_n.jpg\" alt=\"matrimonio\" width=\"320\" height=\"213\" \/><\/p>\n<p style=\"text-align: center;\"><strong>Anche le strutture ricettive private potranno ospitare la celebrazione dei due riti<\/strong><\/p>\n<p style=\"text-align: justify;\">Il Commissario Straordinario ha approvato un nuovo regolamento per la celebrazione dei matrimoni civili e la costituzione delle unioni civili, che sostituisce quello finora vigente licenziato con deliberazione di Consiglio comunale nel dicembre 2007 e gi\u00e0 sottoposto a due modifiche, rispettivamente nel 2010 e nel 2016.<\/p>\n<p style=\"text-align: justify;\">Il provvedimento trova la sua ratio nelle diverse istanze, pervenute da parte delle strutture ricettive turesi, in cui si chiedeva l\u2019autorizzazione a celebrare i matrimoni civili nelle proprie sedi. Una richiesta legittima, come argomenta il dott. Cantadori, accolta rivisitando il regolamento vigente in modo da dare &#8220;non solo una risposta all&#8217;evoluzione del costume e della societ\u00e0 ma anche un contributo alla valorizzazione del patrimonio locale, nonch\u00e9 un sostegno alla promozione turistica del territorio, favorendo una migliore visibilit\u00e0 delle offerte locali&#8221;.<\/p>\n<p style=\"text-align: justify;\">La prima importante novit\u00e0 contenuta nel regolamento riguarda gli immobili di propriet\u00e0 comunale dove si potr\u00e0 convolare a nozze: oltre alla stanza del Sindaco e alla sala della Giunta, vengono aggiunti la sala convegni del Centro Culturale Polivalente, il Chiostro dei Francescani e il Chiostro delle Clarisse.<\/p>\n<p style=\"text-align: justify;\">Inoltre, proprio in risposta alle esigenze manifestate dalle strutture ricettive, si stabilisce che &#8220;il matrimonio o l&#8217;unione civile possono essere, rispettivamente, celebrati o costituiti pubblicamente in siti privati&#8221; che, per l&#8217;occasione, previa deliberazione di Giunta, sono individuati come sedi di Uffici separati dello Stato Civile.<\/p>\n<p style=\"text-align: justify;\">Due i principali requisiti che devono essere rispettati dalle strutture che ambiscono a candidarsi: &#8220;la valenza estetica, culturale, storica o ambientale, ovvero, in ragione di tale valenza, essi devono avere anche una destinazione turistica&#8221;; l&#8217;idoneit\u00e0 sotto il profilo edilizio, senza necessit\u00e0 di dover realizzare ulteriori opere strutturali e\/o infrastrutturali.<\/p>\n<p style=\"text-align: justify;\">Il Regolamento disciplina in maniera puntuale anche la modalit\u00e0 con cui richiedere l&#8217;istituzione dell&#8217;Ufficio separato dello Stato Civile. Il titolare della struttura dovr\u00e0 presentare specifica istanza al Settore Affari Istituzionali che, dopo le opportune verifiche in sinergia con gli altri Uffici competenti, entro 15 giorni fornir\u00e0 una risposta. In caso di esito positivo, verr\u00e0 predisposta la proposta deliberativa diretta ad approvare lo schema della convenzione tra il Comune di Turi e il privato.<\/p>\n<p style=\"text-align: justify;\">Nella convezione dovr\u00e0 essere esplicitamente indicato che il sito proposto viene concesso a titolo gratuito e riservato, per alcuni giorni della settimana o del mese, alla &#8220;esclusiva disponibilit\u00e0&#8221; del Comune. In caso di uso promiscuo, il locale eletto a Ufficio separato dello Stato Civile dovr\u00e0 essere delimitato e, nelle aree adiacenti, sar\u00e0 vietata l&#8217;organizzazione nelle aree adiacenti altri tipi di manifestazione in contemporanea alla celebrazione del rito.<\/p>\n","protected":false},"excerpt":{"rendered":"<p><img loading=\"lazy\" decoding=\"async\" src=\"https:\/\/farm8.staticflickr.com\/7902\/40205774963_b0d2d9119d_n.jpg\" alt=\"matrimonio\" width=\"320\" height=\"213\" \/><\/p>\n","protected":false},"author":1,"featured_media":0,"comment_status":"open","ping_status":"closed","sticky":false,"template":"","format":"standard","meta":{"colormag_page_container_layout":"default_layout","colormag_page_sidebar_layout":"default_layout","footnotes":""},"categories":[7],"tags":[],"class_list":["post-16333","post","type-post","status-publish","format-standard","hentry","category-attualita"],"_links":{"self":[{"href":"https:\/\/archivioturi.lavocedelpaese.info\/index.php\/wp-json\/wp\/v2\/posts\/16333","targetHints":{"allow":["GET"]}}],"collection":[{"href":"https:\/\/archivioturi.lavocedelpaese.info\/index.php\/wp-json\/wp\/v2\/posts"}],"about":[{"href":"https:\/\/archivioturi.lavocedelpaese.info\/index.php\/wp-json\/wp\/v2\/types\/post"}],"author":[{"embeddable":true,"href":"https:\/\/archivioturi.lavocedelpaese.info\/index.php\/wp-json\/wp\/v2\/users\/1"}],"replies":[{"embeddable":true,"href":"https:\/\/archivioturi.lavocedelpaese.info\/index.php\/wp-json\/wp\/v2\/comments?post=16333"}],"version-history":[{"count":0,"href":"https:\/\/archivioturi.lavocedelpaese.info\/index.php\/wp-json\/wp\/v2\/posts\/16333\/revisions"}],"wp:attachment":[{"href":"https:\/\/archivioturi.lavocedelpaese.info\/index.php\/wp-json\/wp\/v2\/media?parent=16333"}],"wp:term":[{"taxonomy":"category","embeddable":true,"href":"https:\/\/archivioturi.lavocedelpaese.info\/index.php\/wp-json\/wp\/v2\/categories?post=16333"},{"taxonomy":"post_tag","embeddable":true,"href":"https:\/\/archivioturi.lavocedelpaese.info\/index.php\/wp-json\/wp\/v2\/tags?post=16333"}],"curies":[{"name":"wp","href":"https:\/\/api.w.org\/{rel}","templated":true}]}}