{"id":16332,"date":"2019-02-27T09:08:11","date_gmt":"2019-02-27T09:08:11","guid":{"rendered":"https:\/\/archivioturi.lavocedelpaese.info\/index.php\/2019\/02\/27\/giuseppe-de-pasquale-al-fianco-dei-diversamente-abili\/"},"modified":"2019-02-27T09:08:11","modified_gmt":"2019-02-27T09:08:11","slug":"giuseppe-de-pasquale-al-fianco-dei-diversamente-abili","status":"publish","type":"post","link":"https:\/\/archivioturi.lavocedelpaese.info\/index.php\/2019\/02\/27\/giuseppe-de-pasquale-al-fianco-dei-diversamente-abili\/","title":{"rendered":"Giuseppe De Pasquale al fianco dei Diversamente Abili"},"content":{"rendered":"<p><img loading=\"lazy\" decoding=\"async\" src=\"https:\/\/farm8.staticflickr.com\/7855\/32228830767_2b952aeffb_n.jpg\" alt=\"Pino De Pasquale\" width=\"226\" height=\"320\" \/><\/p>\n<p style=\"text-align: center;\"><strong>Nominato Segretario Regionale della Puglia di Meda e Assomeda<\/strong><\/p>\n<p style=\"text-align: justify;\">\u00c8 da qualche mese che non lo si vede pi\u00f9 circolare tra le nostre vite, ma ancora tutti lo ricordano per il suo impegno politico, associativo, personale. \u00c8 Giuseppe De Pasquale, per tutti Pino, trasferitosi da qualche tempo in un comune pi\u00f9 vicino a Bari, dove continua ad operare e militare tra circoli, associazioni e partiti che lo hanno visto percorrere sentieri e farsi carico di numerosi progetti.<\/p>\n<p style=\"text-align: justify;\">Molti nostri lettori, tra cui numerosi suoi amici, conoscono i trascorsi di Pino che, nonostante alcune difficolt\u00e0, non si \u00e8 mai tirato indietro ed ha sempre abbracciato ideali di solidariet\u00e0 e di sostegno dei meno fortunati. \u00c8 con questo suo spirito altruistico che da qualche giorno, come lo stesso ha riferito attraverso la sua bacheca Facebook, \u00e8 diventato Segretario Regionale della Puglia del MEDA, Movimento Europeo Diversamente Abili.<\/p>\n<p style=\"text-align: justify;\">\u00abSono molto orgoglioso di ricoprire questo incarico &#8211; ci conferma De Pasquale raggiunto telefonicamente dai nostri microfoni. Ovviamente questo ruolo, che unisce anche quello di Segretario Regionale di Assomeda (Associazione Sostegno Sociale Obiettivo Minori e Diversamente Abili) mi impone di operare al fianco di chi \u00e8 in seria difficolt\u00e0\u00bb. Non solo i Diversamente Abili, ma anche famiglie che non riescono a vivere, anziani soli, minori abbandonati. Un ampio programma ed un intenso lavoro per sostenere quella fascia di popolazione spesso dimenticata o delle cui necessit\u00e0 in pochi si ricordano.<\/p>\n<p style=\"text-align: justify;\">\u00abL\u2019attuale crisi economica ha inevitabilmente finito con l\u2019allargare a dismisura la fascia della disabilit\u00e0 a persone che dapprima ne erano escluse, amplificando considerevolmente quella psicologica e coinvolgendo aree sempre pi\u00f9 vaste di depressione, colpendo in maniera indifferenziata imprenditori, disoccupati, emarginati, anziani, giovani. Ponendo in seria difficolt\u00e0 anche coloro che avevano gi\u00e0 una disabilit\u00e0 conclamata per la evidente contrazione degli obblighi di assistenza e di contribuzione all\u2019invalidit\u00e0\u00bb. \u00c8 con questo spirito che Pino de Pasqule, al fianco di M.E.D.A. e Assomeda, si impegna a lottare per determinare il cambiamento sostanziale delle attuali condizioni di vita della popolazione privata di qualsiasi prospettiva di benessere o di miglioramento sociale-sanitario ed economico.<\/p>\n<p style=\"text-align: right;\"><strong>C.D.<\/strong><\/p>\n","protected":false},"excerpt":{"rendered":"<p><img loading=\"lazy\" decoding=\"async\" src=\"https:\/\/farm8.staticflickr.com\/7855\/32228830767_2b952aeffb_n.jpg\" alt=\"Pino De Pasquale\" width=\"226\" height=\"320\" \/><\/p>\n","protected":false},"author":1,"featured_media":0,"comment_status":"open","ping_status":"closed","sticky":false,"template":"","format":"standard","meta":{"colormag_page_container_layout":"default_layout","colormag_page_sidebar_layout":"default_layout","footnotes":""},"categories":[5],"tags":[],"class_list":["post-16332","post","type-post","status-publish","format-standard","hentry","category-sport"],"_links":{"self":[{"href":"https:\/\/archivioturi.lavocedelpaese.info\/index.php\/wp-json\/wp\/v2\/posts\/16332","targetHints":{"allow":["GET"]}}],"collection":[{"href":"https:\/\/archivioturi.lavocedelpaese.info\/index.php\/wp-json\/wp\/v2\/posts"}],"about":[{"href":"https:\/\/archivioturi.lavocedelpaese.info\/index.php\/wp-json\/wp\/v2\/types\/post"}],"author":[{"embeddable":true,"href":"https:\/\/archivioturi.lavocedelpaese.info\/index.php\/wp-json\/wp\/v2\/users\/1"}],"replies":[{"embeddable":true,"href":"https:\/\/archivioturi.lavocedelpaese.info\/index.php\/wp-json\/wp\/v2\/comments?post=16332"}],"version-history":[{"count":0,"href":"https:\/\/archivioturi.lavocedelpaese.info\/index.php\/wp-json\/wp\/v2\/posts\/16332\/revisions"}],"wp:attachment":[{"href":"https:\/\/archivioturi.lavocedelpaese.info\/index.php\/wp-json\/wp\/v2\/media?parent=16332"}],"wp:term":[{"taxonomy":"category","embeddable":true,"href":"https:\/\/archivioturi.lavocedelpaese.info\/index.php\/wp-json\/wp\/v2\/categories?post=16332"},{"taxonomy":"post_tag","embeddable":true,"href":"https:\/\/archivioturi.lavocedelpaese.info\/index.php\/wp-json\/wp\/v2\/tags?post=16332"}],"curies":[{"name":"wp","href":"https:\/\/api.w.org\/{rel}","templated":true}]}}