{"id":16312,"date":"2019-02-20T09:09:09","date_gmt":"2019-02-20T09:09:09","guid":{"rendered":"https:\/\/archivioturi.lavocedelpaese.info\/index.php\/2019\/02\/20\/a-roma-per-difendere-il-settore-olivicolo\/"},"modified":"2019-02-20T09:09:09","modified_gmt":"2019-02-20T09:09:09","slug":"a-roma-per-difendere-il-settore-olivicolo","status":"publish","type":"post","link":"https:\/\/archivioturi.lavocedelpaese.info\/index.php\/2019\/02\/20\/a-roma-per-difendere-il-settore-olivicolo\/","title":{"rendered":"A Roma per difendere il settore olivicolo"},"content":{"rendered":"<p><img loading=\"lazy\" decoding=\"async\" src=\"https:\/\/farm8.staticflickr.com\/7882\/47045724562_ea947812d4_n.jpg\" alt=\"Codiretti Turi (2)\" width=\"320\" height=\"240\" \/><\/p>\n<p style=\"text-align: center;\"><strong>La Coldiretti a fianco dei pastori sardi, per garantire il futuro dell\u2019agricoltura<\/strong><\/p>\n<p style=\"text-align: justify;\">\u00c8 il settore senza il quale non potremmo avere garanzia di sopravvivenza. Sono famiglie che con sacrificio e passione si prendono cura dell\u2019intera umanit\u00e0 offrendo ogni giorno, in tavola, prodotti di qualit\u00e0 e stagionali. \u00c8 il settore agricolo quello che pi\u00f9 di altri non trova sostegno, difesa, supporto, aiuto da chi dovrebbe garantirgli di vivere dignitosamente.<\/p>\n<p style=\"text-align: justify;\">Sono nuovamente scesi in piazza i berretti gialli della Coldiretti e lo hanno fatto a Roma, nelle scorse giornate, sventolando bandiere di richieste di aiuto da parte della classe politica. Sono saliti sul pullman della Coldiretti anche alcuni soci della sezione turese guidati da Domingo Colapietro, segretario di sezione e Vito Donato Giuliani, presidente della Coldiretti Turi.<\/p>\n<p style=\"text-align: justify;\">Freddo e stanchezza delle attivit\u00e0 appena concluse non li hanno intimoriti e lasciando a casa un bagaglio di speranza sono giunti a Roma per difendere l\u2019agricoltura italiana, messa in ginocchio da costi eccessivi di gestione e guadagni irrisori. Sono carichi gli agricoltori colpiti dalle pesanti calamit\u00e0 che ha dimezzato il raccolto nazionale di olio di oliva ed i pastori messi in ginocchio dalle speculazioni sulle quotazioni del latte.<\/p>\n<p style=\"text-align: justify;\">&#8220;Chiudiamo i porti al falso olio italiano&#8221;, &#8220;Senza agricoltura non si mangia&#8221;, &#8220;Burocrazia fa pi\u00f9 danni delle calamit\u00e0&#8221;. L&#8217;obiettivo &#8211; ha sostenuto la Coldiretti &#8211; \u00e8 garantire un futuro ad un settore strategico per il Made in Italy e difendere il lavoro, l&#8217;economia e il territorio. Lo scorso anno sono stati cancellati centomila posti di lavoro in Italia nella filiera dell&#8217;olio extravergine di oliva con un trend che rischia di diventare irreversibile se non si interviene con strumenti adeguati.<\/p>\n<p><img loading=\"lazy\" decoding=\"async\" src=\"https:\/\/farm8.staticflickr.com\/7829\/47045724622_c6e0667b2e.jpg\" alt=\"Codiretti Turi (1)\" style=\"display: block; margin-left: auto; margin-right: auto;\" width=\"500\" height=\"375\" \/><\/p>\n","protected":false},"excerpt":{"rendered":"<p><img loading=\"lazy\" decoding=\"async\" src=\"https:\/\/farm8.staticflickr.com\/7882\/47045724562_ea947812d4_n.jpg\" alt=\"Codiretti Turi (2)\" width=\"320\" height=\"240\" \/><\/p>\n","protected":false},"author":1,"featured_media":0,"comment_status":"open","ping_status":"closed","sticky":false,"template":"","format":"standard","meta":{"colormag_page_container_layout":"default_layout","colormag_page_sidebar_layout":"default_layout","footnotes":""},"categories":[7],"tags":[],"class_list":["post-16312","post","type-post","status-publish","format-standard","hentry","category-attualita"],"_links":{"self":[{"href":"https:\/\/archivioturi.lavocedelpaese.info\/index.php\/wp-json\/wp\/v2\/posts\/16312","targetHints":{"allow":["GET"]}}],"collection":[{"href":"https:\/\/archivioturi.lavocedelpaese.info\/index.php\/wp-json\/wp\/v2\/posts"}],"about":[{"href":"https:\/\/archivioturi.lavocedelpaese.info\/index.php\/wp-json\/wp\/v2\/types\/post"}],"author":[{"embeddable":true,"href":"https:\/\/archivioturi.lavocedelpaese.info\/index.php\/wp-json\/wp\/v2\/users\/1"}],"replies":[{"embeddable":true,"href":"https:\/\/archivioturi.lavocedelpaese.info\/index.php\/wp-json\/wp\/v2\/comments?post=16312"}],"version-history":[{"count":0,"href":"https:\/\/archivioturi.lavocedelpaese.info\/index.php\/wp-json\/wp\/v2\/posts\/16312\/revisions"}],"wp:attachment":[{"href":"https:\/\/archivioturi.lavocedelpaese.info\/index.php\/wp-json\/wp\/v2\/media?parent=16312"}],"wp:term":[{"taxonomy":"category","embeddable":true,"href":"https:\/\/archivioturi.lavocedelpaese.info\/index.php\/wp-json\/wp\/v2\/categories?post=16312"},{"taxonomy":"post_tag","embeddable":true,"href":"https:\/\/archivioturi.lavocedelpaese.info\/index.php\/wp-json\/wp\/v2\/tags?post=16312"}],"curies":[{"name":"wp","href":"https:\/\/api.w.org\/{rel}","templated":true}]}}