{"id":16294,"date":"2019-02-14T06:21:28","date_gmt":"2019-02-14T06:21:28","guid":{"rendered":"https:\/\/archivioturi.lavocedelpaese.info\/index.php\/2019\/02\/14\/pasquale-del-re-spiega-il-servire-turi\/"},"modified":"2019-02-14T06:21:28","modified_gmt":"2019-02-14T06:21:28","slug":"pasquale-del-re-spiega-il-servire-turi","status":"publish","type":"post","link":"https:\/\/archivioturi.lavocedelpaese.info\/index.php\/2019\/02\/14\/pasquale-del-re-spiega-il-servire-turi\/","title":{"rendered":"Pasquale Del Re spiega il \u201cServire Turi\u201d"},"content":{"rendered":"<p><img loading=\"lazy\" decoding=\"async\" src=\"https:\/\/farm8.staticflickr.com\/7822\/32080848087_929e57b2b6_m.jpg\" alt=\"Pasquale Del Re\" width=\"189\" height=\"235\" \/><\/p>\n<p style=\"text-align: center;\"><strong>\u201cI partiti politici dovrebbero essere commissariati per permettere di far accedere al nuovo\u201d<\/strong><\/p>\n<p>Siamo veramente agli sgoccioli e l&#8217;aria elettorale si fa ben sentire. Sulle colonne dei giornali locali si delineano le prime avvisaglie di alleanze. Ma \u00e8 nelle piazze, nei bar, nei locali che si scrivono i primi nomi di liste e candidati che voteremo a maggio.<\/p>\n<p>Ne abbiamo approfittato e abbiamo fermato un noto turese, gi\u00e0 incontrato sulle nostre pagine. \u00c8 il dott. Pasquale Del Re, sociologo oltre che attento conoscitore della realt\u00e0 cittadina poi riportata nei suoi testi e nelle sue commedie.<\/p>\n<p>&nbsp;<\/p>\n<p style=\"text-align: justify;\"><strong>A quanto pare la sua attivit\u00e0 politica \u00e8 pi\u00f9 che mai attiva. In un\u2019altra circostanza Lei ci ha parlato di intervenire alle prossime amministrative con una lista civica. Ci pu\u00f2 spiegare come mai tale scelta?<\/strong><\/p>\n<p style=\"text-align: justify;\">\u201cCerto, anche perch\u00e9 la mia spiegazione in merito \u00e8 piuttosto semplice e condivisibile. Guardi, ogni giorno che passa mi convinco sempre pi\u00f9 che non la politica ma i partiti politici e le persone che li compongono (da decenni sempre le stesse facce), da ormai diverso tempo, hanno fallito nel loro compito costituzionale. La nostra classe politica \u00e8 ormai vecchia, debole, corrotta fin dentro il midollo, in un processo quasi irreversibile, incapace di rigenerarsi. I nostri \u201cbravi e attenti politici\u201d non sono pi\u00f9 credibili. Non sono pi\u00f9 in grado di rappresentare la democrazia n\u00e9 tanto meno di difenderla.<\/p>\n<p style=\"text-align: justify;\">Dopo la caduta del muro di Berlino, tutti i partiti si sono svuotati delle proprie ideologie e riempiti di affari. Oggi pi\u00f9 che mai arrancano, non hanno pi\u00f9 idee. Tra di loro si copiano ma si tengono per mano; c\u2019\u00e8 molta confusione. Sono diventate piccole lobby difficili da smuovere che hanno finito per incancrenire il nostro sistema di rappresentanze. Hanno dimenticato, o meglio, non sono mai stati nelle loro preoccupazioni i processi e i bisogni delle periferie, dei comuni. Sono sempre stati pi\u00f9 preoccupati come tarantole a tessere la tela per accogliere qualche cortigiano \u201cvenduto\u201d e a far fuori chiunque intenda metterli in discussione. Per tale motivo, sostengo l\u2019idea che farebbe bene a tutti i partiti politici essere commissariati per diversi anni per fare pulizia nel loro interno e permettere al nuovo di riappropriarsi a pieno titolo del mandato costituzionale. Nel frattempo, credo sia giunto il tempo di far ripartire la politica dalla base, dai bisogni VERI dei cittadini senza essere tirati per la giacchetta!\u201d.<\/p>\n<p style=\"text-align: justify;\">&nbsp;<\/p>\n<p style=\"text-align: justify;\"><strong>Dott. Del Re, perch\u00e9 ha scelto di chiamare \u201cSERVIRE TURI\u201d il suo nuovo orientamento politico-culturale?<\/strong><\/p>\n<p style=\"text-align: justify;\">\u201cEssenzialmente perch\u00e9 ho sempre avuto una visione della politica al servizio della collettivit\u00e0 e non il contrario, ovvero quella per cui ci si serve della politica per soddisfare bisogni o desideri personali. Per dirla alla don Luigi Sturzo: \u201cla politica \u00e8 una forma esigente di carit\u00e0, perch\u00e9 servizio a favore del prossimo, ricerca ed attuazione del bene comune, dovere civico\u201d.<\/p>\n<p style=\"text-align: justify;\">Occuparsi della \u201ccosa pubblica\u201d, dunque, ha come obiettivo principale quello di migliorare le condizioni morali e materiali delle persone di una comunit\u00e0. Ma per fare questo dobbiamo innanzitutto cambiare noi stessi, la nostra mentalit\u00e0. \u00c8 necessario liberarsi di ricatti subdoli, di credere in se stessi. Se \u00e8 vero che, come sembra, la politica sia diventata oggi soltanto un affare, \u00e8 colpa di tutti e di ciascuno, nessuno deve sentirsi esente da colpe o scaricarle sugli altri. Dobbiamo riappropriarci della politica, ridarle senso e significato, sognare cose grandi, SERVIRE la comunit\u00e0, nutrirla. Per qualcuno servire \u00e8 considerato umiliante, per me SERVIRE \u00e8 una parola che ha una grande dignit\u00e0\u201d.<\/p>\n<p style=\"text-align: justify;\">&nbsp;<\/p>\n<p style=\"text-align: justify;\"><strong>Un\u2019ultima domanda. Quali sono le questioni di maggior interesse sulle quali pensa di intervenire. Ci pu\u00f2 anticipare qualche punto del suo programma?<\/strong><\/p>\n<p style=\"text-align: justify;\">\u201cTre sono le macro aree su cui intendiamo misurarci e intervenire per creare condizioni di benessere e di sviluppo per il paese. \u00c8 chiaro che ogni area non \u00e8 disgiunta dalle altre. Il nostro \u00e8 il programma delle 3 S: \u201cSALUTE &#8211; SICUREZZA -SERVIZI\u201d.<\/p>\n<p style=\"text-align: justify;\">Senza entrare troppo nel merito vorrei riportare solo alcuni punti guida del nostro programma. A proposito di <strong>SALUTE<\/strong> mi preme ricordare l\u2019articolo 32 della nostra Costituzione che cos\u00ec recita: \u201cLa Repubblica tutela la salute come fondamentale diritto dell&#8217;individuo e interesse della collettivit\u00e0[&#8230;]\u201d.<\/p>\n<p style=\"text-align: justify;\">Ebbene, sono sotto gli occhi di tutti i fatti riportati negli ultimi mesi dai giornali locali circa l\u2019arresto di diversi giovani per spaccio. Dati in mio possesso, dicono chiaramente che sono in aumento soprattutto i giovani che consumano sostanze psicoattive, soprattutto cocaina. Tra di essi sono di pi\u00f9 le ragazze. C\u2019\u00e8 un ritorno all\u2019eroina in vena. Io personalmente ho potuto constatare direttamente luoghi dove erano state lasciate diverse siringhe.<\/p>\n<p style=\"text-align: justify;\">Sta di fatto che dal lontano 1996, anno in cui denunciavo pubblicamente il frequente consumo di sostanze stupefacenti tra i giovani sul giornale locale \u201cTURI OGGI\u201d, nell\u2019articolo \u201cGiovani in prima linea \u2026. o allo sbando?\u201d e, nonostante, avessi invitato un rappresentate di quella amministrazione a istituire un numero verde per fronteggiare il fenomeno, nulla \u00e8 stato fatto dalle amministrazioni precedenti in 23 anni. Oggi, mi ritrovo a proporre un Pronto Soccorso Sociale sempre attraverso un numero verde istituito dal Comune per fronteggiare e, possibilmente, rimuovere qualsiasi fenomeno di disagio e di dipendenza. Il tentativo \u00e8 di offrire alle famiglie, attraverso l\u2019anonimato e figure professionalmente valide, uno spazio in cui accogliere il bisogno. Se una famiglia \u00e8 in salute a beneficiarne \u00e8 l\u2019intera popolazione.<\/p>\n<p style=\"text-align: justify;\">Per quanto riguarda il discorso <strong>SICUREZZA<\/strong> un primissimo obiettivo sar\u00e0 la realizzazione di un servizio di Videosorveglianza opportunamente predisposto ad ogni ingresso del paese e in zone particolarmente sensibili per dare una mano alle Forze dell\u2019Ordine e prevenire e contrastare fenomeni di criminalit\u00e0. Inoltre, visto le ultimissime figuracce a livello regionale, diventer\u00e0 priorit\u00e0 assoluta la messa a norma e in sicurezza di tutti gli edifici di propriet\u00e0 del Comune. Cos\u00ec come va affrontato decisamente il problema viabilit\u00e0 con la messa in sicurezza di strade e marciapiedi e di edifici e case private. Un occhio di riguardo sar\u00e0 riservato all\u2019illuminazione periferica del paese.<\/p>\n<p style=\"text-align: justify;\">Nota dolente i<strong> SERVIZI<\/strong>, quasi inesistenti. Ne cito quattro che ritengo siano fondamentali per una ripresa dello sviluppo di Turi. Rendere efficienti gli uffici comunali con pi\u00f9 impiegati, oggi se ne contano meno del 50% dell\u2019organico previsto, e dando loro il giusto sostegno. Il Cimitero deve ritornare ad essere un luogo dove i legami affettivi devono continuare ad avere la loro grande importanza emotiva e, pertanto, deve essere funzionale con la dovuta manutenzione. Fare di tutto per avere una sala teatro-conferenze. Incentivare lo sport recuperando il campo comunale in tutte le sue strutture. Istituire percorsi di conoscenza e di salvaguardia del nostro patrimonio storico-culturale, artistico, gastronomico e architettonico. Individuazione di una area per la costruzione di un cimitero per animali.<\/p>\n<p style=\"text-align: justify;\">Questi alcuni punti del nostro programma. Deve essere chiaro, per\u00f2, che una amministrazione, di qualunque colore essa sia, \u00e8 destinata a fallire se non ha la collaborazione e partecipazione attiva dei cittadini.<\/p>\n<p style=\"text-align: justify;\">Una sola e unica promessa: \u201cFare di tutto per ridare dignit\u00e0 a questo paese\u201d. Nulla ci spaventa, perch\u00e9 abbiamo gi\u00e0 deciso e scelto di continuare a voler bene a Turi, al nostro Paese! Abbiamo deciso di immaginare una Turi diversa!\u201d.<\/p>\n","protected":false},"excerpt":{"rendered":"<p><img loading=\"lazy\" decoding=\"async\" src=\"https:\/\/farm8.staticflickr.com\/7822\/32080848087_929e57b2b6_m.jpg\" alt=\"Pasquale Del Re\" width=\"189\" height=\"235\" \/><\/p>\n","protected":false},"author":1,"featured_media":0,"comment_status":"open","ping_status":"closed","sticky":false,"template":"","format":"standard","meta":{"colormag_page_container_layout":"default_layout","colormag_page_sidebar_layout":"default_layout","footnotes":""},"categories":[4],"tags":[],"class_list":["post-16294","post","type-post","status-publish","format-standard","hentry","category-politica"],"_links":{"self":[{"href":"https:\/\/archivioturi.lavocedelpaese.info\/index.php\/wp-json\/wp\/v2\/posts\/16294","targetHints":{"allow":["GET"]}}],"collection":[{"href":"https:\/\/archivioturi.lavocedelpaese.info\/index.php\/wp-json\/wp\/v2\/posts"}],"about":[{"href":"https:\/\/archivioturi.lavocedelpaese.info\/index.php\/wp-json\/wp\/v2\/types\/post"}],"author":[{"embeddable":true,"href":"https:\/\/archivioturi.lavocedelpaese.info\/index.php\/wp-json\/wp\/v2\/users\/1"}],"replies":[{"embeddable":true,"href":"https:\/\/archivioturi.lavocedelpaese.info\/index.php\/wp-json\/wp\/v2\/comments?post=16294"}],"version-history":[{"count":0,"href":"https:\/\/archivioturi.lavocedelpaese.info\/index.php\/wp-json\/wp\/v2\/posts\/16294\/revisions"}],"wp:attachment":[{"href":"https:\/\/archivioturi.lavocedelpaese.info\/index.php\/wp-json\/wp\/v2\/media?parent=16294"}],"wp:term":[{"taxonomy":"category","embeddable":true,"href":"https:\/\/archivioturi.lavocedelpaese.info\/index.php\/wp-json\/wp\/v2\/categories?post=16294"},{"taxonomy":"post_tag","embeddable":true,"href":"https:\/\/archivioturi.lavocedelpaese.info\/index.php\/wp-json\/wp\/v2\/tags?post=16294"}],"curies":[{"name":"wp","href":"https:\/\/api.w.org\/{rel}","templated":true}]}}