{"id":16290,"date":"2019-02-13T06:33:57","date_gmt":"2019-02-13T06:33:57","guid":{"rendered":"https:\/\/archivioturi.lavocedelpaese.info\/index.php\/2019\/02\/13\/qsalvini-non-mollareq-la-lega-turi-si-mobilita-per-il-suo-capitano\/"},"modified":"2019-02-13T06:33:57","modified_gmt":"2019-02-13T06:33:57","slug":"qsalvini-non-mollareq-la-lega-turi-si-mobilita-per-il-suo-capitano","status":"publish","type":"post","link":"https:\/\/archivioturi.lavocedelpaese.info\/index.php\/2019\/02\/13\/qsalvini-non-mollareq-la-lega-turi-si-mobilita-per-il-suo-capitano\/","title":{"rendered":"&#8220;Salvini non mollare&#8221;, la Lega Turi si mobilita per il suo Capitano"},"content":{"rendered":"<p><img loading=\"lazy\" decoding=\"async\" src=\"https:\/\/farm5.staticflickr.com\/4903\/46970388532_c8070bc162_n.jpg\" alt=\"petizione lega turi (1)\" width=\"320\" height=\"240\" \/><\/p>\n<p><strong><br \/>\n<\/strong><\/p>\n<p style=\"text-align: center;\"><strong>Oltre 130 adesioni raccolte a sostegno del vicepremier, accusato di sequestro di persona per &#8220;aver difeso i confini italiani&#8221;<\/strong><\/p>\n<p style=\"text-align: justify;\">Domenica 3 febbraio anche a Turi la Lega si \u00e8 mobilitata per raccogliere le firme a sostegno del Ministro dell&#8217;Interno, Matteo Salvini, che rischia di essere processato per sequestro di persona aggravato in relazione al cosiddetto &#8220;caso Diciotti&#8221;.<\/p>\n<p><img loading=\"lazy\" decoding=\"async\" src=\"https:\/\/farm5.staticflickr.com\/4823\/47022237851_c4f075260d_n.jpg\" alt=\"petizione lega turi (2)\" style=\"margin: 6px; float: right;\" width=\"320\" height=\"257\" \/><\/p>\n<p style=\"text-align: justify;\">L&#8217;ipotesi di reato, formulata dal Tribunale dei Ministri di Catania, riguarda i 177 migranti, provenienti dalla Libia, che furono soccorsi al largo di Lampedusa dalla nave militare della Guardia Costiera. Ai richiedenti asilo il Governo neg\u00f2 per cinque giorni lo sbarco nel porto di Catania, ingaggiando una battaglia con l&#8217;Europa per la loro equa redistribuzione. Spetter\u00e0 ora al Senato votare l&#8217;autorizzazione a procedere contro il vicepremier, che in caso di condanna va incontro a una pena dai 3 ai 15 anni di carcere.<\/p>\n<p style=\"text-align: justify;\">\u201cSalvini non mollare. Prima gli italiani\u201d, sotto questo slogan il segretario cittadino Graziano Gigantelli, assieme a Celeste De Lucci, responsabile della &#8220;Lega donne&#8221;, ha chiamato a raccolta militanti e cittadini turesi, allestendo un banchetto in Villa dove \u00e8 stato possibile sottoscrivere la petizione che dice &#8220;no al processo al vicepremier&#8221;.<\/p>\n<p style=\"text-align: justify;\">\u00abL&#8217;unico &#8220;reato&#8221; del nostro Capitano &#8211; commenta il segretario Graziano Gigantelli &#8211; \u00e8 stato quello di aver fatto il proprio dovere di ministro, difendendo i confini italiani e chiamando l&#8217;Europa ad assumersi la propria responsabilit\u00e0 di fronte a un fenomeno, quello della migrazione clandestina, che non pu\u00f2 essere caricato solo sulle spalle dell&#8217;Italia\u00bb.<\/p>\n<p><img loading=\"lazy\" decoding=\"async\" src=\"https:\/\/farm8.staticflickr.com\/7926\/46970388402_cc0486befa_n.jpg\" alt=\"petizione lega turi (1)\" style=\"margin: 6px; float: left;\" width=\"320\" height=\"267\" \/><\/p>\n<p style=\"text-align: justify;\">Sono stati 135 i turesi, con una partecipazione numerosa di donne e giovani, che hanno raccolto l&#8217;invito. \u00abUn risultato che ci rende oltremodo soddisfatti. In meno due ore &#8211; aggiunge Gigantelli -105 cittadini hanno voluto esprimere la propria vicinanza al ministro Salvini, confermando il pieno consenso verso un&#8217;azione di governo che finalmente mette al centro i cittadini italiani\u00bb.<\/p>\n<p style=\"text-align: justify;\">Infatti, come ci spiega il segretario, durante la mobilitazione di domenica c&#8217;\u00e8 stato spazio anche per confrontarsi con chi si \u00e8 avvicinato al gazebo, ragionando sui provvedimenti assunti in &#8220;sei mesi di Buonsenso al governo&#8221;: dalla &#8220;quota cento&#8221; al cosiddetto &#8220;Decreto Salvini&#8221;. \u00abUn pacchetto di misure su sicurezza e immigrazione grazie al quale si \u00e8 riusciti a ridurre dell&#8217;80% gli sbarchi dei clandestini, riducendo il numero dei morti in mare e avviando un&#8217;inversione di rotta nella politica dei rimpatri. Altro traguardo \u00e8 stato il taglio al &#8220;business dell&#8217;accoglienza&#8221;: mezzo miliardo di euro di risparmi che sono stati investiti nell&#8217;assunzione di Forze dell&#8217;Ordine e nel rafforzamento del controllo del territorio attraverso il corpo della Polizia Locale, che sar\u00e0 progressivamente dotata di moderni sistemi di videosorveglianza\u00bb.<\/p>\n<p style=\"text-align: justify;\">Risposta altrettanto positiva \u00e8 arrivata anche dal sito web (salvinononmollare.it) creato per raccogliere le adesioni di chiunque non potesse raggiungere uno dei banchetti presenti in tutta Italia. \u00abA poche ore dall\u2019avvio del sito www.salvininonmollare.it &#8211; annuncia Salvini sui social &#8211; ci sono gi\u00e0 150.000 registrazioni, di cui oltre 20.000 sottoscrizioni confermate. Che fossimo una splendida Comunit\u00e0 lo sapevo gi\u00e0, ma questi numeri sono davvero incredibili!\u00bb.<\/p>\n","protected":false},"excerpt":{"rendered":"<p><img loading=\"lazy\" decoding=\"async\" src=\"https:\/\/farm5.staticflickr.com\/4903\/46970388532_c8070bc162_n.jpg\" alt=\"petizione lega turi (1)\" width=\"320\" height=\"240\" \/><\/p>\n<p><strong><\/p>\n","protected":false},"author":1,"featured_media":0,"comment_status":"open","ping_status":"closed","sticky":false,"template":"","format":"standard","meta":{"colormag_page_container_layout":"default_layout","colormag_page_sidebar_layout":"default_layout","footnotes":""},"categories":[4],"tags":[],"class_list":["post-16290","post","type-post","status-publish","format-standard","hentry","category-politica"],"_links":{"self":[{"href":"https:\/\/archivioturi.lavocedelpaese.info\/index.php\/wp-json\/wp\/v2\/posts\/16290","targetHints":{"allow":["GET"]}}],"collection":[{"href":"https:\/\/archivioturi.lavocedelpaese.info\/index.php\/wp-json\/wp\/v2\/posts"}],"about":[{"href":"https:\/\/archivioturi.lavocedelpaese.info\/index.php\/wp-json\/wp\/v2\/types\/post"}],"author":[{"embeddable":true,"href":"https:\/\/archivioturi.lavocedelpaese.info\/index.php\/wp-json\/wp\/v2\/users\/1"}],"replies":[{"embeddable":true,"href":"https:\/\/archivioturi.lavocedelpaese.info\/index.php\/wp-json\/wp\/v2\/comments?post=16290"}],"version-history":[{"count":0,"href":"https:\/\/archivioturi.lavocedelpaese.info\/index.php\/wp-json\/wp\/v2\/posts\/16290\/revisions"}],"wp:attachment":[{"href":"https:\/\/archivioturi.lavocedelpaese.info\/index.php\/wp-json\/wp\/v2\/media?parent=16290"}],"wp:term":[{"taxonomy":"category","embeddable":true,"href":"https:\/\/archivioturi.lavocedelpaese.info\/index.php\/wp-json\/wp\/v2\/categories?post=16290"},{"taxonomy":"post_tag","embeddable":true,"href":"https:\/\/archivioturi.lavocedelpaese.info\/index.php\/wp-json\/wp\/v2\/tags?post=16290"}],"curies":[{"name":"wp","href":"https:\/\/api.w.org\/{rel}","templated":true}]}}