{"id":16263,"date":"2019-02-05T08:51:21","date_gmt":"2019-02-05T08:51:21","guid":{"rendered":"https:\/\/archivioturi.lavocedelpaese.info\/index.php\/2019\/02\/05\/manutenzione-a-regola-darte-per-il-verde-pubblico\/"},"modified":"2019-02-05T08:51:21","modified_gmt":"2019-02-05T08:51:21","slug":"manutenzione-a-regola-darte-per-il-verde-pubblico","status":"publish","type":"post","link":"https:\/\/archivioturi.lavocedelpaese.info\/index.php\/2019\/02\/05\/manutenzione-a-regola-darte-per-il-verde-pubblico\/","title":{"rendered":"Manutenzione &#8216;a regola d&#8217;arte&#8217; per il verde pubblico"},"content":{"rendered":"<p><img loading=\"lazy\" decoding=\"async\" src=\"https:\/\/farm8.staticflickr.com\/7913\/46890951542_dd63421bc6_n.jpg\" alt=\"verde-pubblico\" width=\"320\" height=\"213\" \/><\/p>\n<p style=\"text-align: center;\"><strong>Parte la procedura di affidamento del servizio che dovr\u00e0 garantire decoro e sicurezza ai nostri giardini<\/strong><\/p>\n<p style=\"text-align: justify;\">Il Settore Urbanistica ha avviato le procedure per l&#8217;affidamento del servizio di manutenzione delle aree verdi comunali. E, questa volta, nulla \u00e8 stato lasciato al caso: il caposettore Giambattista Del Rosso ha redatto un dettagliato capitolato speciale d\u2019appalto in cui, oltre al quadro economico, sono riportati gli interventi che dovranno essere eseguiti, con specifiche indicazioni sulle modalit\u00e0 e sulla frequenza di svolgimento delle operazioni richieste.<\/p>\n<p style=\"text-align: justify;\">L&#8217;appalto, in base alle &#8220;dotazioni finanziarie attualmente assegnate&#8221;, avr\u00e0 durata di sei mesi e un costo presunto di 20.261 euro oltre Iva, salvo economie di gara.<\/p>\n<p style=\"text-align: justify;\">Per la procedura di affidamento si ricorrer\u00e0 al meccanismo della &#8220;Richiesta d&#8217;Offerta&#8221;: previa indagine di mercato, l&#8217;Amministrazione contatter\u00e0 tre operatori, presenti sul MePa (Mercato Elettronico della Pubblica Amministrazione) e abilitati al Bando &#8220;Strade, verde pubblico e gestione del territorio &#8211; Servizi&#8221;, richiedendo un preventivo di spesa. Alla fine sar\u00e0 scelta l&#8217;azienda che, rispettando tutti i parametri fissati, fornir\u00e0 il prezzo pi\u00f9 basso sull&#8217;importo a base d&#8217;asta.<\/p>\n<p style=\"text-align: justify;\">&nbsp;<\/p>\n<p style=\"text-align: justify;\"><strong>Il capitolato d&#8217;appalto<\/strong><\/p>\n<p style=\"text-align: justify;\">Come precisato dal capitolato speciale d&#8217;appalto, l&#8217;obiettivo del servizio \u00e8 garantire un adeguato livello di decoro delle aree verdi attraverso due linee d&#8217;azione: eseguire tutte le operazioni utili a mantenerle in ordine e fruibili in sicurezza; ripristinare le situazioni di degrado estetico, funzionale e agronomico che si dovessero riscontrare.<\/p>\n<p style=\"text-align: justify;\">In quest&#8217;ottica, entro tre mesi dalla stipula del contratto, l&#8217;azienda sar\u00e0 chiamata a fornire l&#8217;aggiornamento dell&#8217;inventario delle tipologie vegetali presenti sul territorio &#8211; nonch\u00e9 la superficie delle aree oggetto d&#8217;appalto &#8211; e a effettuale le verifiche visive e strumentali sugli alberi, presentando una relazione che evidenzi eventuali criticit\u00e0.<\/p>\n<p style=\"text-align: justify;\">Disposizioni precise arrivano anche per i trattamenti anticrittogamici e antiparassitari mirati a trattare le principali malattie, in primis la processionaria: dovranno essere eseguiti attraverso &#8220;tecniche che consentano la riduzione al minimo dell&#8217;impiego di prodotti fitosanitari, i quali, ove utilizzati devono essere di origine naturale&#8221;.<\/p>\n<p style=\"text-align: justify;\">Venendo alle aree interessate dall&#8217;appalto, alla manutenzione dei due parchi storici, ovvero Piazza Sandro Pertini e Piazza Aldo Moro, si affianca quella dei giardini urbani, delle aree verdi di pertinenza degli Istituti scolastici e di quelle interne al campo sportivo.<\/p>\n<p style=\"text-align: justify;\">Inoltre, sar\u00e0 compito dell&#8217;azienda curare gli spazi a verde estensivo e le pertinenze stradali di competenza comunale. In particolare sono previsti due interventi di sfalcio delle erbe infestanti e uno di potatura di contenimento, specie dei rami che sporgono sulla strada, per via Ginestre (angolo via Dell&#8217;Andro), Lama Giotta, via Putignano, Pozzi di Don Ciccio, aree esterne al campo sportivo e area adiacente al Palazzetto dello Sport.<\/p>\n<p style=\"text-align: justify;\">Sono, infine, incluse le operazioni di potatura degli alberi e un intervento straordinario che prevede l&#8217;abbattimento di due palme in via De Donato Giannini.<\/p>\n","protected":false},"excerpt":{"rendered":"<p><img loading=\"lazy\" decoding=\"async\" src=\"https:\/\/farm8.staticflickr.com\/7913\/46890951542_dd63421bc6_n.jpg\" alt=\"verde-pubblico\" width=\"320\" height=\"213\" \/><\/p>\n","protected":false},"author":1,"featured_media":0,"comment_status":"open","ping_status":"closed","sticky":false,"template":"","format":"standard","meta":{"colormag_page_container_layout":"default_layout","colormag_page_sidebar_layout":"default_layout","footnotes":""},"categories":[7],"tags":[],"class_list":["post-16263","post","type-post","status-publish","format-standard","hentry","category-attualita"],"_links":{"self":[{"href":"https:\/\/archivioturi.lavocedelpaese.info\/index.php\/wp-json\/wp\/v2\/posts\/16263","targetHints":{"allow":["GET"]}}],"collection":[{"href":"https:\/\/archivioturi.lavocedelpaese.info\/index.php\/wp-json\/wp\/v2\/posts"}],"about":[{"href":"https:\/\/archivioturi.lavocedelpaese.info\/index.php\/wp-json\/wp\/v2\/types\/post"}],"author":[{"embeddable":true,"href":"https:\/\/archivioturi.lavocedelpaese.info\/index.php\/wp-json\/wp\/v2\/users\/1"}],"replies":[{"embeddable":true,"href":"https:\/\/archivioturi.lavocedelpaese.info\/index.php\/wp-json\/wp\/v2\/comments?post=16263"}],"version-history":[{"count":0,"href":"https:\/\/archivioturi.lavocedelpaese.info\/index.php\/wp-json\/wp\/v2\/posts\/16263\/revisions"}],"wp:attachment":[{"href":"https:\/\/archivioturi.lavocedelpaese.info\/index.php\/wp-json\/wp\/v2\/media?parent=16263"}],"wp:term":[{"taxonomy":"category","embeddable":true,"href":"https:\/\/archivioturi.lavocedelpaese.info\/index.php\/wp-json\/wp\/v2\/categories?post=16263"},{"taxonomy":"post_tag","embeddable":true,"href":"https:\/\/archivioturi.lavocedelpaese.info\/index.php\/wp-json\/wp\/v2\/tags?post=16263"}],"curies":[{"name":"wp","href":"https:\/\/api.w.org\/{rel}","templated":true}]}}