{"id":16262,"date":"2019-02-05T06:28:11","date_gmt":"2019-02-05T06:28:11","guid":{"rendered":"https:\/\/archivioturi.lavocedelpaese.info\/index.php\/2019\/02\/05\/fratelli-ditalia-e-lega-spaccano-il-centrodestra\/"},"modified":"2019-02-05T06:28:11","modified_gmt":"2019-02-05T06:28:11","slug":"fratelli-ditalia-e-lega-spaccano-il-centrodestra","status":"publish","type":"post","link":"https:\/\/archivioturi.lavocedelpaese.info\/index.php\/2019\/02\/05\/fratelli-ditalia-e-lega-spaccano-il-centrodestra\/","title":{"rendered":"Fratelli d&#8217;Italia e Lega &#8216;spaccano&#8217; il centrodestra"},"content":{"rendered":"<p><img loading=\"lazy\" decoding=\"async\" src=\"https:\/\/farm8.staticflickr.com\/7815\/39978717763_7c3fbb5b5c_n.jpg\" alt=\"tundo conferenza\" width=\"240\" height=\"320\" \/><\/p>\n<p style=\"text-align: center;\"><strong>Paolo Tundo: &#8220;Hanno consultato Rocco Birardi, Angelo Palmisano e Maurizio Coppi tenendo all&#8217;oscuro Forza Italia&#8221;<\/strong><\/p>\n<p style=\"text-align: justify;\">Prime fibrillazioni sul fronte del centrodestra. La &#8220;triplice alleanza&#8221; &#8211; come abbiamo ribattezzato l&#8217;asse tra Forza Italia, Fratelli d&#8217;Italia e Lega &#8211; \u00e8 stata investita da una bufera che infrange lo scenario di &#8220;laboriosa quiete&#8221; che finora vi avevamo descritto.<\/p>\n<p style=\"text-align: justify;\">Mercoled\u00ec 30 gennaio, infatti, Paolo Tundo, coordinatore cittadino di Forza Italia, ha convocato una conferenza stampa, ospitata nello studio di Natalino Ventrella, per denunciare un &#8220;comportamento scorretto e inaspettato&#8221; da parte dei due alleati.<\/p>\n<p style=\"text-align: justify;\">\u00abNegli ultimi tre mesi &#8211; esordisce Tundo &#8211; ho lavorato insieme a Lega e Fratelli d&#8217;Italia per rinnovare il centrodestra, impegnandomi a creare un nucleo unitario fra i tre maggiori partiti; una base solida che poi avremmo allargato includendo persone che, pur non riconoscendosi in nessun simbolo, avevano la voglia di aderire a un progetto convincente. Ho dato la piena disponibilit\u00e0 a spogliarmi di simboli e percentuali affinch\u00e9 si realizzasse una coalizione, costruita attorno a un programma fattibile, che non ripetesse gli errori commessi in passato\u00bb. Ovvero mettere in piedi l&#8217;ennesima &#8220;accozzaglia indifferenziata&#8221; di candidati che, proprio in virt\u00f9 dell&#8217;assenza di coerenza politica, finissero per andare incontro al fallimento certo.<\/p>\n<p style=\"text-align: justify;\">In coerenza con queste coordinate, Paolo Tundo spiega che nell&#8217;incontro fra i tre partiti, tenutosi mercoled\u00ec 16 gennaio, \u00abdopo un ampio confronto, siamo giunti alla conclusione che sabato 2 febbraio avremmo sottoscritto un &#8220;contratto d&#8217;intenti&#8221;. Un protocollo che fissava un termine per la scelta del candidato sindaco e metteva in chiaro le regole del gioco\u00bb. Due i punti cardine: pari dignit\u00e0 tra tutti i partiti, abbandonando la logica della divisione dei seggi in base al &#8220;capitale di voti&#8221;, e una scelta ponderata dei candidati, che dovevano rispondere in primis ad un profilo di moralit\u00e0 e competenza.<\/p>\n<p style=\"text-align: justify;\">&nbsp;<\/p>\n<p style=\"text-align: justify;\"><strong>&#8216;Incontri segreti&#8217; e lo &#8216;spettro di Boccardi&#8217;<\/strong><\/p>\n<p style=\"text-align: justify;\">Forza Italia lascia quel tavolo felice di aver definito una linea d&#8217;azione comune da seguire. Poi la doccia fredda: \u00abAbbiamo appreso che, sabato 26 gennaio, Lega e Fratelli d&#8217;Italia hanno avuto un incontro allargato ad altre forze politiche esterne al centrodestra, ovvero Rocco Birardi, Angelo Palmisano e Maurizio Coppi. Il tutto senza invitare Forza Italia e prima di aver siglato il &#8220;contratto d&#8217;intenti&#8221;. Un comportamento &#8211; sottolinea Tundo amareggiato &#8211; che mi ha ferito: quelli che ritenevo alleati hanno dato prova di non avere seriet\u00e0 e trasparenza, stravolgendo una decisione che era stata presa insieme appena qualche giorno prima\u00bb.<\/p>\n<p style=\"text-align: justify;\">Secondo la ricostruzione del segretario forzista, gli alleati avrebbero scelto di &#8220;giocare sugli equivoci&#8221;, giustificando l&#8217;isolamento di Forza Italia con il timore che il partito fosse diviso in due anime tra loro contrapposte: quella di Tundo e quella di Michele Boccardi. In altre parole, era inutile parlare con Paolo Tundo se poi Boccardi, sciogliendo le proprie riserve all&#8217;ultimo minuto, avrebbe scombinato piani e alleanze imponendo dall&#8217;alto un proprio candidato.<\/p>\n<p style=\"text-align: justify;\">\u00abHanno messo in discussione me come persona e come coordinatore del partito, una cosa che non posso accettare. Soprattutto perch\u00e9 ho pi\u00f9 volte rassicurato tutti che c&#8217;\u00e8 assoluta condivisione tra me, Boccardi e il coordinamento provinciale, puntualmente informati di ogni passo che il circolo cittadino ha mosso\u00bb.<\/p>\n<p style=\"text-align: justify;\">&nbsp;<\/p>\n<p style=\"text-align: justify;\"><strong>Forza Italia ferma le consultazioni<\/strong><\/p>\n<p style=\"text-align: justify;\">\u00abMi sono interrogato a lungo sulle motivazioni di questo atteggiamento ma non riesco a trovare una giustificazione. Non penso di aver sbagliato qualcosa\u00bb &#8211; prosegue Paolo Tundo evidentemente provato dal tiro mancino che ha incassato.<\/p>\n<p style=\"text-align: justify;\">\u00abForse devo concludere che non sono gradito o non \u00e8 gradita la mia candidatura a sindaco. Tuttavia, su questo aspetto sono stato oltremodo chiaro: non ho mai imposto la mia candidatura, ho sempre sostenuto che il futuro primo cittadino doveva essere scelto in maniera condivisa e che ero pronto a fare un passo indietro se si fosse individuato un nome che rappresentava meglio di me il programma di coalizione. Ma se questi nomi non vengono presentati, come si fa a confrontarsi?\u00bb.<\/p>\n<p style=\"text-align: justify;\">Alla luce di questo strappo, il circolo di Forza Italia ha deciso di interrompere le consultazioni con Lega e Fratelli d&#8217;Italia: \u00abHo bisogno di un momento di riflessione &#8211; conclude Tundo &#8211; che porter\u00f2 avanti con Boccardi e D&#8217;Attis; per questo non parteciperemo al prossimo incontro fissato per mercoled\u00ec. Se dobbiamo ritornare a discutere, dovr\u00e0 esserci un chiarimento su quanto accaduto e si dovr\u00e0 dimostrare la volont\u00e0 di un confronto sincero\u00bb.<\/p>\n<p style=\"text-align: justify;\">In conclusione, o si inizia a giocare a carte scoperte o Forza Italia non sar\u00e0 interessata a proseguire il cammino insieme a Lega e Fratelli d&#8217;Italia. Ognuno andr\u00e0 per la propria strada e spetter\u00e0 agli elettori tirare le somme di un centrodestra che, ancora una volta, rischia di presentarsi diviso alle urne.<\/p>\n<p style=\"text-align: right;\"><strong>FD<\/strong><\/p>\n","protected":false},"excerpt":{"rendered":"<p><img loading=\"lazy\" decoding=\"async\" src=\"https:\/\/farm8.staticflickr.com\/7815\/39978717763_7c3fbb5b5c_n.jpg\" alt=\"tundo conferenza\" width=\"240\" height=\"320\" \/><\/p>\n","protected":false},"author":1,"featured_media":0,"comment_status":"open","ping_status":"closed","sticky":false,"template":"","format":"standard","meta":{"colormag_page_container_layout":"default_layout","colormag_page_sidebar_layout":"default_layout","footnotes":""},"categories":[4],"tags":[],"class_list":["post-16262","post","type-post","status-publish","format-standard","hentry","category-politica"],"_links":{"self":[{"href":"https:\/\/archivioturi.lavocedelpaese.info\/index.php\/wp-json\/wp\/v2\/posts\/16262","targetHints":{"allow":["GET"]}}],"collection":[{"href":"https:\/\/archivioturi.lavocedelpaese.info\/index.php\/wp-json\/wp\/v2\/posts"}],"about":[{"href":"https:\/\/archivioturi.lavocedelpaese.info\/index.php\/wp-json\/wp\/v2\/types\/post"}],"author":[{"embeddable":true,"href":"https:\/\/archivioturi.lavocedelpaese.info\/index.php\/wp-json\/wp\/v2\/users\/1"}],"replies":[{"embeddable":true,"href":"https:\/\/archivioturi.lavocedelpaese.info\/index.php\/wp-json\/wp\/v2\/comments?post=16262"}],"version-history":[{"count":0,"href":"https:\/\/archivioturi.lavocedelpaese.info\/index.php\/wp-json\/wp\/v2\/posts\/16262\/revisions"}],"wp:attachment":[{"href":"https:\/\/archivioturi.lavocedelpaese.info\/index.php\/wp-json\/wp\/v2\/media?parent=16262"}],"wp:term":[{"taxonomy":"category","embeddable":true,"href":"https:\/\/archivioturi.lavocedelpaese.info\/index.php\/wp-json\/wp\/v2\/categories?post=16262"},{"taxonomy":"post_tag","embeddable":true,"href":"https:\/\/archivioturi.lavocedelpaese.info\/index.php\/wp-json\/wp\/v2\/tags?post=16262"}],"curies":[{"name":"wp","href":"https:\/\/api.w.org\/{rel}","templated":true}]}}