{"id":16258,"date":"2019-02-04T06:34:38","date_gmt":"2019-02-04T06:34:38","guid":{"rendered":"https:\/\/archivioturi.lavocedelpaese.info\/index.php\/2019\/02\/04\/con-la-sua-preghiera-si-ricorda-san-sebastiano\/"},"modified":"2019-02-04T06:34:38","modified_gmt":"2019-02-04T06:34:38","slug":"con-la-sua-preghiera-si-ricorda-san-sebastiano","status":"publish","type":"post","link":"https:\/\/archivioturi.lavocedelpaese.info\/index.php\/2019\/02\/04\/con-la-sua-preghiera-si-ricorda-san-sebastiano\/","title":{"rendered":"Con la sua preghiera, si ricorda San Sebastiano"},"content":{"rendered":"<p><img loading=\"lazy\" decoding=\"async\" src=\"https:\/\/farm5.staticflickr.com\/4869\/46218594884_b8a8ce9f21_n.jpg\" alt=\"san sebastiano 2019 (3)\" width=\"320\" height=\"213\" \/><\/p>\n<p style=\"text-align: center;\"><strong>In Chiesa Madre per dire Grazie al Protettore della Polizia Municipale<\/strong><\/p>\n<p style=\"text-align: justify;\">\u201cLa maggior parte di noi \u00e8 abituata a guardare in cagnesco gli uomini in divisa. Invece tutti noi dovremmo avere fiducia nelle Forze dell\u2019Ordine, perch\u00e9 si muovono ed operano al servizio dell\u2019intera comunit\u00e0!\u201d. \u00c8 con queste parole che possiamo riassumere l\u2019intera omelia che ha celebrato la festa di San Sebastiano, che ogni anno, e quest\u2019anno il 30 gennaio, la Polizia Municipale festeggia e prega.<\/p>\n<p style=\"text-align: justify;\">\u00c8 in Chiesa Madre che, dinanzi al corpo di Polizia Municipale, guidato dal Comandante Raffaele Campanella, i volontari della Protezione Civile, i militari della locale Stazione dei Carabinieri con il Maresciallo Sacchetti, la Metronotte e rappresentanti della Guardia di Finanza, Aeronautica e Bersaglieri, dopo la consueta funzione religiosa, \u00e8 stato esposto il risultato dei lavori del precedente anno.<\/p>\n<p style=\"text-align: justify;\">L\u2019accento, durante l\u2019intera funzione religiosa officiata da Don Giovanni Amodio, \u00e8 stato posto sul valore delle istituzioni e delle Forze dell\u2019Ordine in generale, che ha fatto da eco, appunto, ad un veloce riassunto dell\u2019operato della Polizia Municipale locale nell\u2019anno appena concluso.<\/p>\n<p style=\"text-align: justify;\">\u201cDuro il lavoro di chi deve mettere ordine \u2013 \u00e8 stato poi riferito \u2013 un lavoro che \u00e8 piacere, anche se sacrificio, \u00e8 vocazione anche se pu\u00f2 creare anche qualche &#8216;timore nel cittadino&#8217; \u2013 ha infine osservato il Parroco, alludendo, con il sorriso, alle innumerevoli multe che ogni giorno vengono effettuate.<\/p>\n<p style=\"text-align: justify;\">Ricordato come Santo Martire, in passato San Sebastiano veniva invocato come protettore contro la peste ma, attualmente, in Italia, \u00e8 il Santo Patrono della Polizia Municipale. Secondo la leggenda il Santo visse quando l&#8217;impero era guidato da Diocleziano. Divenuto alto ufficiale dell&#8217;esercito imperiale, fu il comandante della prestigiosa prima coorte della prima legione, di stanza a Roma per la difesa dell&#8217;Imperatore. Quando Diocleziano, che aveva in profondo odio i fedeli a Cristo, scopr\u00ec che Sebastiano era cristiano esclam\u00f2: \u201cIo ti ho sempre tenuto fra i maggiorenti del mio palazzo e tu hai operato nell\u2019ombra contro di me.\u201d; fu quindi da lui condannato a morte, trafitto da frecce. Sempre secondo la leggenda, dopo questo martirio fu abbandonato perch\u00e9 i carnefici lo credettero morto, ma non lo era, e fu amorevolmente curato e riusc\u00ec a guarire. Cercando il martirio, sarebbe ritornato da Diocleziano per rimproverarlo e questi avrebbe ordinato di flagellarlo a morte, per poi gettarne il corpo nella Cloaca Maxima.<\/p>\n<p style=\"text-align: right;\"><strong>C.D.<\/strong><\/p>\n<p><object width=\"640\" height=\"480\" data=\"https:\/\/www.flickr.com\/apps\/slideshow\/show.swf?v=261948265\" type=\"application\/x-shockwave-flash\"><param name=\"flashvars\" value=\"offsite=true&amp;lang=it-it&amp;page_show_url=%2Fphotos%2F91470992%40N02%2Fsets%2F72157702959015462%2Fshow%2F&amp;page_show_back_url=%2Fphotos%2F91470992%40N02%2Fsets%2F72157702959015462%2F&amp;set_id=72157702959015462&amp;jump_to=0\" \/><param name=\"movie\" value=\"https:\/\/www.flickr.com\/apps\/slideshow\/show.swf?v=261948265\" \/><param name=\"allowFullScreen\" value=\"true\" \/><\/object><\/p>\n","protected":false},"excerpt":{"rendered":"<p><img loading=\"lazy\" decoding=\"async\" src=\"https:\/\/farm5.staticflickr.com\/4869\/46218594884_b8a8ce9f21_n.jpg\" alt=\"san sebastiano 2019 (3)\" width=\"320\" height=\"213\" \/><\/p>\n","protected":false},"author":1,"featured_media":0,"comment_status":"open","ping_status":"closed","sticky":false,"template":"","format":"standard","meta":{"colormag_page_container_layout":"default_layout","colormag_page_sidebar_layout":"default_layout","footnotes":""},"categories":[6],"tags":[],"class_list":["post-16258","post","type-post","status-publish","format-standard","hentry","category-cultura"],"_links":{"self":[{"href":"https:\/\/archivioturi.lavocedelpaese.info\/index.php\/wp-json\/wp\/v2\/posts\/16258","targetHints":{"allow":["GET"]}}],"collection":[{"href":"https:\/\/archivioturi.lavocedelpaese.info\/index.php\/wp-json\/wp\/v2\/posts"}],"about":[{"href":"https:\/\/archivioturi.lavocedelpaese.info\/index.php\/wp-json\/wp\/v2\/types\/post"}],"author":[{"embeddable":true,"href":"https:\/\/archivioturi.lavocedelpaese.info\/index.php\/wp-json\/wp\/v2\/users\/1"}],"replies":[{"embeddable":true,"href":"https:\/\/archivioturi.lavocedelpaese.info\/index.php\/wp-json\/wp\/v2\/comments?post=16258"}],"version-history":[{"count":0,"href":"https:\/\/archivioturi.lavocedelpaese.info\/index.php\/wp-json\/wp\/v2\/posts\/16258\/revisions"}],"wp:attachment":[{"href":"https:\/\/archivioturi.lavocedelpaese.info\/index.php\/wp-json\/wp\/v2\/media?parent=16258"}],"wp:term":[{"taxonomy":"category","embeddable":true,"href":"https:\/\/archivioturi.lavocedelpaese.info\/index.php\/wp-json\/wp\/v2\/categories?post=16258"},{"taxonomy":"post_tag","embeddable":true,"href":"https:\/\/archivioturi.lavocedelpaese.info\/index.php\/wp-json\/wp\/v2\/tags?post=16258"}],"curies":[{"name":"wp","href":"https:\/\/api.w.org\/{rel}","templated":true}]}}