{"id":16249,"date":"2019-01-31T08:44:25","date_gmt":"2019-01-31T08:44:25","guid":{"rendered":"https:\/\/archivioturi.lavocedelpaese.info\/index.php\/2019\/01\/31\/da-turi-per-festeggiare-la-coldiretti\/"},"modified":"2019-01-31T08:44:25","modified_gmt":"2019-01-31T08:44:25","slug":"da-turi-per-festeggiare-la-coldiretti","status":"publish","type":"post","link":"https:\/\/archivioturi.lavocedelpaese.info\/index.php\/2019\/01\/31\/da-turi-per-festeggiare-la-coldiretti\/","title":{"rendered":"Da Turi per festeggiare la Coldiretti"},"content":{"rendered":"<p><img loading=\"lazy\" decoding=\"async\" src=\"https:\/\/farm5.staticflickr.com\/4841\/45952196925_932480e3aa_n.jpg\" alt=\"Festa Coldiretti Turi\" width=\"320\" height=\"240\" \/><\/p>\n<p style=\"text-align: center;\"><strong>Con le Mule del Tiro del Carro di Sant\u2019Oronzo la festa del Ringraziamento di Castellana Grotte<\/strong><\/p>\n<p style=\"text-align: justify;\">Una giornata di festa per la sezione di Castellana Grotte della Coldiretti. Per la 68\u00b0 Giornata del Ringraziamento, domenica 20 gennaio, i soci della sezione, spalleggiati dai tesserati turesi, tra cui il segretario Domingo Colapietro, il presidente dell&#8217;Associazione Mule del Tiro del Carro di Sant\u2019 Oronzo, Pasquale Lasorella e il suo vice, hanno reso grazie a Dio per l&#8217;aiuto che ogni giorno dona agli agricoltori.<\/p>\n<p style=\"text-align: justify;\">Il Ringraziamento \u00e8 un momento importante per la Coldiretti poich\u00e9 si riscopre il valore di dire grazie per ci\u00f2 che l\u2019annata ha donato. Il creato consegna la terra agli agricoltori come bene comune da lavorare nel rispetto e nella custodia della sua integrit\u00e0 ed \u00e8 proprio con questo compito di valorizzazione della terra che il mondo agricolo contribuisce attivamente al mantenimento dell\u2019ambiente e al sostentamento dell\u2019uomo con cibo sano e genuino prodotto in modo sostenibile.<\/p>\n<p style=\"text-align: justify;\">Alla fine della celebrazione eucaristica, circa 250 soci, con famiglie e amici, si sono ritrovati presso la Dimora Mazzaro &#8211; Antica Masseria, per trascorrere qualche ora in festa.<\/p>\n","protected":false},"excerpt":{"rendered":"<p><img loading=\"lazy\" decoding=\"async\" src=\"https:\/\/farm5.staticflickr.com\/4841\/45952196925_932480e3aa_n.jpg\" alt=\"Festa Coldiretti Turi\" width=\"320\" height=\"240\" \/><\/p>\n","protected":false},"author":1,"featured_media":0,"comment_status":"open","ping_status":"closed","sticky":false,"template":"","format":"standard","meta":{"colormag_page_container_layout":"default_layout","colormag_page_sidebar_layout":"default_layout","footnotes":""},"categories":[6],"tags":[],"class_list":["post-16249","post","type-post","status-publish","format-standard","hentry","category-cultura"],"_links":{"self":[{"href":"https:\/\/archivioturi.lavocedelpaese.info\/index.php\/wp-json\/wp\/v2\/posts\/16249","targetHints":{"allow":["GET"]}}],"collection":[{"href":"https:\/\/archivioturi.lavocedelpaese.info\/index.php\/wp-json\/wp\/v2\/posts"}],"about":[{"href":"https:\/\/archivioturi.lavocedelpaese.info\/index.php\/wp-json\/wp\/v2\/types\/post"}],"author":[{"embeddable":true,"href":"https:\/\/archivioturi.lavocedelpaese.info\/index.php\/wp-json\/wp\/v2\/users\/1"}],"replies":[{"embeddable":true,"href":"https:\/\/archivioturi.lavocedelpaese.info\/index.php\/wp-json\/wp\/v2\/comments?post=16249"}],"version-history":[{"count":0,"href":"https:\/\/archivioturi.lavocedelpaese.info\/index.php\/wp-json\/wp\/v2\/posts\/16249\/revisions"}],"wp:attachment":[{"href":"https:\/\/archivioturi.lavocedelpaese.info\/index.php\/wp-json\/wp\/v2\/media?parent=16249"}],"wp:term":[{"taxonomy":"category","embeddable":true,"href":"https:\/\/archivioturi.lavocedelpaese.info\/index.php\/wp-json\/wp\/v2\/categories?post=16249"},{"taxonomy":"post_tag","embeddable":true,"href":"https:\/\/archivioturi.lavocedelpaese.info\/index.php\/wp-json\/wp\/v2\/tags?post=16249"}],"curies":[{"name":"wp","href":"https:\/\/api.w.org\/{rel}","templated":true}]}}