{"id":16246,"date":"2019-01-30T13:19:28","date_gmt":"2019-01-30T13:19:28","guid":{"rendered":"https:\/\/archivioturi.lavocedelpaese.info\/index.php\/2019\/01\/30\/shopping-tra-gli-abiti-usati\/"},"modified":"2019-01-30T13:19:28","modified_gmt":"2019-01-30T13:19:28","slug":"shopping-tra-gli-abiti-usati","status":"publish","type":"post","link":"https:\/\/archivioturi.lavocedelpaese.info\/index.php\/2019\/01\/30\/shopping-tra-gli-abiti-usati\/","title":{"rendered":"&#8216;Shopping&#8217; tra gli abiti usati"},"content":{"rendered":"<p><img loading=\"lazy\" decoding=\"async\" src=\"https:\/\/farm5.staticflickr.com\/4899\/32991262818_473e5b4b76_n.jpg\" alt=\"furto abiti usati\" width=\"320\" height=\"241\" \/><\/p>\n<p style=\"text-align: center;\"><strong>In due &#8216;saccheggiano&#8217; il contenitore per la raccolta degli indumenti<\/strong><\/p>\n<p style=\"text-align: justify;\">La cronaca della settimana si apre con la segnalazione di due uomini che hanno &#8216;saccheggiato&#8217; il contenitore per la raccolta degli abiti usati collocato nei pressi della stazione ferroviaria.<\/p>\n<p style=\"text-align: justify;\">La scena \u00e8 stata immortalata da un passante che ha contattato la redazione per raccontare l&#8217;episodio di cui era stato testimone. Dopo aver bloccato il meccanismo di chiusura del cassonetto, utilizzando il manico di una scopa, uno dei due si \u00e8 intrufolato all&#8217;interno del contenitore. Incurante del rischio di restare incastrato, come peraltro gi\u00e0 accaduto , l&#8217;uomo ha iniziando a rovistare tra gli indumenti, estraendo quelli che gli interessavano e passandoli al complice che, dopo aver valutato il capo &#8220;acquistato&#8221;, lo riponeva in una busta.<\/p>\n<p style=\"text-align: justify;\">Evidentemente non ci troviamo di fronte al disperato tentativo di ricercare abiti per coprirsi. E anche se fosse questa la circostanza, l&#8217;episodio non troverebbe ugualmente giustificazione: pi\u00f9 volte la Caritas ha sottolineato che chiunque abbia bisogno di vestiti usati non ha alcuna necessit\u00e0 di rubarli, basta rivolgersi ad uno dei punti di raccolta e distribuzione parrocchiale e nulla sar\u00e0 negato.<\/p>\n<p style=\"text-align: justify;\">In realt\u00e0 si tratta di una prassi ben nota tanto da parlare di &#8220;furto mirato&#8221;: persone affatto bisognose portano via i pezzi migliori per poi rivenderli ai vari mercatini dell&#8217;usato, con guadagni a volte per niente trascurabili. Senza curarsi che in questo modo danneggiano le associazioni benefiche che riciclano quegli abiti.<\/p>\n<p style=\"text-align: justify;\">\u00c8 bene ricordare che con un&#8217;ultima pronuncia della Cassazione, l\u2019appropriazione degli abiti trafugati dal cassonetto \u00e8 considerata furto aggravato, poich\u00e9 riguarda &#8220;cose esposte alla pubblica fede e destinate a pubblica utilit\u00e0&#8221;. Un reato che prevede la reclusione fino a 6 anni e una multa da 927 a 1500 euro.<\/p>\n","protected":false},"excerpt":{"rendered":"<p><img loading=\"lazy\" decoding=\"async\" src=\"https:\/\/farm5.staticflickr.com\/4899\/32991262818_473e5b4b76_n.jpg\" alt=\"furto abiti usati\" width=\"320\" height=\"241\" \/><\/p>\n","protected":false},"author":1,"featured_media":0,"comment_status":"open","ping_status":"closed","sticky":false,"template":"","format":"standard","meta":{"colormag_page_container_layout":"default_layout","colormag_page_sidebar_layout":"default_layout","footnotes":""},"categories":[8],"tags":[],"class_list":["post-16246","post","type-post","status-publish","format-standard","hentry","category-cronaca"],"_links":{"self":[{"href":"https:\/\/archivioturi.lavocedelpaese.info\/index.php\/wp-json\/wp\/v2\/posts\/16246","targetHints":{"allow":["GET"]}}],"collection":[{"href":"https:\/\/archivioturi.lavocedelpaese.info\/index.php\/wp-json\/wp\/v2\/posts"}],"about":[{"href":"https:\/\/archivioturi.lavocedelpaese.info\/index.php\/wp-json\/wp\/v2\/types\/post"}],"author":[{"embeddable":true,"href":"https:\/\/archivioturi.lavocedelpaese.info\/index.php\/wp-json\/wp\/v2\/users\/1"}],"replies":[{"embeddable":true,"href":"https:\/\/archivioturi.lavocedelpaese.info\/index.php\/wp-json\/wp\/v2\/comments?post=16246"}],"version-history":[{"count":0,"href":"https:\/\/archivioturi.lavocedelpaese.info\/index.php\/wp-json\/wp\/v2\/posts\/16246\/revisions"}],"wp:attachment":[{"href":"https:\/\/archivioturi.lavocedelpaese.info\/index.php\/wp-json\/wp\/v2\/media?parent=16246"}],"wp:term":[{"taxonomy":"category","embeddable":true,"href":"https:\/\/archivioturi.lavocedelpaese.info\/index.php\/wp-json\/wp\/v2\/categories?post=16246"},{"taxonomy":"post_tag","embeddable":true,"href":"https:\/\/archivioturi.lavocedelpaese.info\/index.php\/wp-json\/wp\/v2\/tags?post=16246"}],"curies":[{"name":"wp","href":"https:\/\/api.w.org\/{rel}","templated":true}]}}