{"id":16244,"date":"2019-01-30T06:25:47","date_gmt":"2019-01-30T06:25:47","guid":{"rendered":"https:\/\/archivioturi.lavocedelpaese.info\/index.php\/2019\/01\/30\/quno-scenario-politico-grottescoq\/"},"modified":"2019-01-30T06:25:47","modified_gmt":"2019-01-30T06:25:47","slug":"quno-scenario-politico-grottescoq","status":"publish","type":"post","link":"https:\/\/archivioturi.lavocedelpaese.info\/index.php\/2019\/01\/30\/quno-scenario-politico-grottescoq\/","title":{"rendered":"&#8220;Uno scenario politico grottesco&#8221;"},"content":{"rendered":"<p><img loading=\"lazy\" decoding=\"async\" src=\"https:\/\/farm5.staticflickr.com\/4894\/45952182225_6e95f86cde_n.jpg\" alt=\"Franco D'addabbo\" width=\"240\" height=\"320\" \/><\/p>\n<p><strong><br \/>\n<\/strong><\/p>\n<p style=\"text-align: center;\"><strong>Franco D&#8217;Addabbo: Tanti &#8216;aspiranti&#8217; ma pochi &#8216;rinunciatari&#8217;. <\/strong><br \/><strong>Si \u00e8 aperta la caccia ai consensi ma manca un vero &#8220;progetto politico&#8221; per Turi<\/strong><\/p>\n<p style=\"text-align: justify;\">Dalla sociologia alla filosofia, senza perdere aderenza con la concretezza che il compito di un amministratore impone. L&#8217;intervista con Franco D&#8217;Addabbo, vicesindaco durante l&#8217;amministrazione Gigantelli, ci mette dinanzi a un&#8217;analisi senza filtri della situazione politica turese, emblematicamente definita &#8220;grottesca&#8221;.<\/p>\n<p style=\"text-align: justify;\">Partendo dall&#8217;assunto che la politica va intesa come &#8220;l&#8217;arte di incastonare la vivibilit\u00e0 in un territorio&#8221;, per D&#8217;Abbabbo servirebbe iniziare a lavorare intorno a un &#8220;progetto politico&#8221;, un percorso di ampio respiro, condiviso da tutti, che indichi la rotta per migliorare il paese nei prossimi dieci &#8211; venti anni. Invece la logica della campagna elettorale porta a promuovere programmi tanto ridondanti quanto vuoti, snaturati dalla &#8220;spasmodica ricerca dei consensi&#8221;.<\/p>\n<p style=\"text-align: justify;\">Chi decide di candidarsi ad amministrare Turi, oltre a studiare gli strumenti che consentono di agire pragmaticamente, dovrebbe essere contemporaneamente &#8220;aspirante&#8221; e &#8220;rinunciatario&#8221;: se non ci sono le condizioni per portare avanti le proprie legittime ambizioni, occorre essere pronti a fare un passo indietro. In caso contrario si cade nel &#8220;peccato di presunzione&#8221;, sempre deleterio per le sorti della comunit\u00e0.<\/p>\n<p style=\"text-align: justify;\">&nbsp;<\/p>\n<p style=\"text-align: justify;\"><strong>Un suo parere sull&#8217;attuale scenario politico?<\/strong><\/p>\n<p style=\"text-align: justify;\">\u00abPremetto che, da tempo, ho scelto di defilarmi dal panorama politico. Da quanto apprendo dalla stampa, posso dire che si \u00e8 aperta la gara a primeggiare, come di solito accade in campagna elettorale, tra volti nuovi che emergono e volti noti che si riaffacciano.<\/p>\n<p style=\"text-align: justify;\">Se dovessi sintetizzare l&#8217;attuale scenario con un aggettivo, sceglierei grottesco\u00bb.<\/p>\n<p style=\"text-align: justify;\">&nbsp;<\/p>\n<p style=\"text-align: justify;\"><strong>Come mai questo aggettivo?<\/strong><\/p>\n<p style=\"text-align: justify;\">\u00abGrottesco perch\u00e9 in campagna elettorale ognuno presenta il suo &#8220;progetto politico&#8221; che, se analizzato in profondit\u00e0, risulta vuoto. Tutto si riduce alla ricerca spasmodica dei voti, depauperando il senso autentico della politica che, sociologicamente parlando, \u00e8 uno degli strumenti pi\u00f9 incisivi.<\/p>\n<p style=\"text-align: justify;\">Se si osservano i programmi dei vari i partiti sono praticamente identici. Il programma io lo racchiuderei in una frase: snellimento delle procedure amministrative e burocratiche. Ovvero, il servizio al cittadino ha un senso compiuto nella misura in cui si riesce a velocizzare e soddisfare le esigenze del cittadino stesso; esigenze in senso lato, dalla buca al verde pubblico\u00bb.<\/p>\n<p style=\"text-align: justify;\">&nbsp;<\/p>\n<p style=\"text-align: justify;\"><strong>\u00c8 cambiato qualcosa rispetto alla sua esperienza politica?<\/strong><\/p>\n<p style=\"text-align: justify;\">\u00abAffatto. Si comincia in autunno con tavoli e accordi per poi finire a presentare all&#8217;ultimo momento una lista rabberciata a destra e sinistra per cercare di convogliare il maggior numero di consensi. La logica, purtroppo, \u00e8 sempre la stessa e non credo si riuscir\u00e0 a debellarla, ormai \u00e8 diventata un male cronico della nostra stagione politica\u00bb.<\/p>\n<p style=\"text-align: justify;\">&nbsp;<\/p>\n<p style=\"text-align: justify;\"><strong>La sua idea di &#8220;progetto politico&#8221;?<\/strong><\/p>\n<p style=\"text-align: justify;\">\u00abLa politica va intesa come l&#8217;arte di incastonare la vivibilit\u00e0 in un territorio. Dunque, ogni candidato ad amministrare il paese dovrebbe riuscire a far intravedere come immagina Turi tra dieci o venti anni, con la consapevolezza che qualsiasi decisione venga presa oggi avr\u00e0 ripercussioni &#8211; positive o negative &#8211; sulla crescita futura della collettivit\u00e0. Ecco perch\u00e9 un progetto politico serio non pu\u00f2 durare una legislatura: cinque anni sono insufficienti per mettere a punto gli obiettivi che ci si pone. Ed \u00e8 proprio l&#8217;assenza di continuit\u00e0 amministrativa il motivo per cui ogni consiliatura turese ha fallito nel realizzare quello che si era proposta\u00bb.<\/p>\n<p style=\"text-align: justify;\">&nbsp;<\/p>\n<p style=\"text-align: justify;\"><strong>Come dovrebbe essere scelto il candidato sindaco?<\/strong><\/p>\n<p style=\"text-align: justify;\">\u00abLe primarie sono un mezzo solo apparentemente democratico, poich\u00e9 si scatenano correnti e fazioni che non permettono di scegliere con cognizione di causa il candidato ideale. Meglio, quindi, dimostrare di avere la giusta maturit\u00e0 per confrontarsi e individuare la persona pi\u00f9 idonea, che sia un mix di esperienza, professionalit\u00e0 ed entusiasmo.<\/p>\n<p style=\"text-align: justify;\">Alla fine amministrare diventa un &#8220;mestiere&#8221;: se lo fai con passione riesci a portare a compimento gli obiettivi che ti sei prefissato, altrimenti diventa routine che, nella migliore delle ipotesi, ti porta a curare solo l&#8217;ordinaria amministrazione\u00bb.<\/p>\n<p style=\"text-align: justify;\">&nbsp;<\/p>\n<p style=\"text-align: justify;\"><strong>L&#8217;amministrazione Coppi era caduta nella routine?<\/strong><\/p>\n<p style=\"text-align: justify;\">\u00abPosso dire che quest&#8217;anno di commissariamento ci ha dimostrato che in certe situazioni il Commissario \u00e8 preferibile perch\u00e9 almeno l&#8217;ordinario viene garantito.<\/p>\n<p style=\"text-align: justify;\">Quello che ha stupito della precedente amministrazione \u00e8 che era composta da gente giovane e stimabile da cui ci si aspettava di pi\u00f9. A mio parere, si \u00e8 peccato di quella che chiamo &#8220;sana presunzione della giovent\u00f9&#8221;, la convinzione di essere capace di fare qualsiasi cosa, salvo poi rendersi conto di non avere sufficienti competenze di come funziona la macchina amministrativa e, dunque, di come poter intervenire concretamente. Sana presunzione perch\u00e9 \u00e8 giusto che ci sia fino ai trent&#8217;anni; poi va affiancata da un&#8217;altrettanto sana umilt\u00e0 che porti a decidere di studiare, a migliorare se stessi per poter migliorare di riflesso il contesto in cui si opera\u00bb.<\/p>\n<p style=\"text-align: justify;\">&nbsp;<\/p>\n<p style=\"text-align: justify;\"><strong>Ritornando alla sfida per le comunali, prevede un centrodestra di nuovo diviso in due liste?<\/strong><\/p>\n<p style=\"text-align: justify;\">\u00abDipender\u00e0 esclusivamente dal buon senso. In politica bisogna essere contemporaneamente &#8220;aspiranti&#8221; e &#8220;rinunciatari&#8221;: l&#8217;aspirazione \u00e8 legittima ma se si trasforma in ambizione diventa deleteria e crea spaccature e divisioni. Se ci si rende conto che non ci sono le condizioni per perseguire i propri progetti, si deve essere disposti a far un passo indietro, cosa che nella mia esperienza politica ho visto raramente\u00bb.<\/p>\n<p style=\"text-align: justify;\">&nbsp;<\/p>\n<p style=\"text-align: justify;\"><strong>Anni fa dichiar\u00f2 di &#8220;appendere le scarpe al chiodo&#8221;, \u00e8 arrivata l&#8217;ora di rindossarle?<\/strong><\/p>\n<p style=\"text-align: justify;\">\u00abResteranno rigorosamente appese al chioso perch\u00e9, ritornando all&#8217;inizio di questa intervista, non vedo i presupposti per lavorare a un progetto condiviso da tutta la classe politica; un percorso di ampio respiro che tracci una rotta per il miglioramento di Turi e che venga portato avanti da chiunque governi, a prescindere se si sia di destra o di sinistra\u00bb.<\/p>\n<p style=\"text-align: right;\"><strong>FD<\/strong><\/p>\n","protected":false},"excerpt":{"rendered":"<p><img loading=\"lazy\" decoding=\"async\" src=\"https:\/\/farm5.staticflickr.com\/4894\/45952182225_6e95f86cde_n.jpg\" alt=\"Franco D'addabbo\" width=\"240\" height=\"320\" \/><\/p>\n<p><strong><\/p>\n","protected":false},"author":1,"featured_media":0,"comment_status":"open","ping_status":"closed","sticky":false,"template":"","format":"standard","meta":{"colormag_page_container_layout":"default_layout","colormag_page_sidebar_layout":"default_layout","footnotes":""},"categories":[4],"tags":[],"class_list":["post-16244","post","type-post","status-publish","format-standard","hentry","category-politica"],"_links":{"self":[{"href":"https:\/\/archivioturi.lavocedelpaese.info\/index.php\/wp-json\/wp\/v2\/posts\/16244","targetHints":{"allow":["GET"]}}],"collection":[{"href":"https:\/\/archivioturi.lavocedelpaese.info\/index.php\/wp-json\/wp\/v2\/posts"}],"about":[{"href":"https:\/\/archivioturi.lavocedelpaese.info\/index.php\/wp-json\/wp\/v2\/types\/post"}],"author":[{"embeddable":true,"href":"https:\/\/archivioturi.lavocedelpaese.info\/index.php\/wp-json\/wp\/v2\/users\/1"}],"replies":[{"embeddable":true,"href":"https:\/\/archivioturi.lavocedelpaese.info\/index.php\/wp-json\/wp\/v2\/comments?post=16244"}],"version-history":[{"count":0,"href":"https:\/\/archivioturi.lavocedelpaese.info\/index.php\/wp-json\/wp\/v2\/posts\/16244\/revisions"}],"wp:attachment":[{"href":"https:\/\/archivioturi.lavocedelpaese.info\/index.php\/wp-json\/wp\/v2\/media?parent=16244"}],"wp:term":[{"taxonomy":"category","embeddable":true,"href":"https:\/\/archivioturi.lavocedelpaese.info\/index.php\/wp-json\/wp\/v2\/categories?post=16244"},{"taxonomy":"post_tag","embeddable":true,"href":"https:\/\/archivioturi.lavocedelpaese.info\/index.php\/wp-json\/wp\/v2\/tags?post=16244"}],"curies":[{"name":"wp","href":"https:\/\/api.w.org\/{rel}","templated":true}]}}