{"id":16219,"date":"2019-01-22T09:02:49","date_gmt":"2019-01-22T09:02:49","guid":{"rendered":"https:\/\/archivioturi.lavocedelpaese.info\/index.php\/2019\/01\/22\/a-lezione-di-buona-educazione-stradale\/"},"modified":"2019-01-22T09:02:49","modified_gmt":"2019-01-22T09:02:49","slug":"a-lezione-di-buona-educazione-stradale","status":"publish","type":"post","link":"https:\/\/archivioturi.lavocedelpaese.info\/index.php\/2019\/01\/22\/a-lezione-di-buona-educazione-stradale\/","title":{"rendered":"A lezione di buona educazione stradale"},"content":{"rendered":"<p><img loading=\"lazy\" decoding=\"async\" src=\"https:\/\/farm5.staticflickr.com\/4901\/31840250567_185c50af2a_n.jpg\" alt=\"ites  vivilastrada (9)\" width=\"320\" height=\"240\" \/><\/p>\n<p><strong><br \/>\n<\/strong><\/p>\n<p style=\"text-align: center;\"><strong>All&#8217;Ites &#8220;Pertini&#8221; una giornata con Vivilastrada e Tonio Coladonato<\/strong><\/p>\n<p style=\"text-align: justify;\">Forse ancora un po\u2019 incoscienti a causa dell\u2019et\u00e0, superficiali e lontani da una realt\u00e0 che sentono fuori dal proprio percorso di vita, dai loro anni, dalle loro strade. Sono alcuni dei ragazzi che hanno incontrato, nella mattinata del 15 gennaio, Tonio Coladonato e \u201cVivi la Strada\u201d, per la prima di due mattinate dedicate all\u2019educazione stradale.<\/p>\n<p style=\"text-align: justify;\">I ragazzi dell\u2019Ites \u201cSandro Pertini\u201d di Turi, come anche gli alunni delle terze classi dell\u2019Istituto Comprensivo \u201cResta De Donato Giannini\u201d, non si sono fatti sfuggire ogni monito, parola, incoraggiamento e frame di una rapida, quanto dura lezione, su quella che \u00e8 la realt\u00e0 che quotidianamente i Carabinieri, i Vigili del Fuoco di Putignano, la Polizia Stradale, gli operatori del 118 di Sammichele vivono e raccontano.<\/p>\n<p style=\"text-align: justify;\">L\u2019obiettivo dell\u2019iniziativa \u00e8 ambizioso e dall\u2019alto valore sociale: far s\u00ec che il numero di feriti e morti sulle strade possa diminuire. Ogni parola o dimostrazione spesa e volta a loro, \u00e8 indirizzata ad avvicinare i ragazzi al mondo della viabilit\u00e0 stradale con la consapevolezza necessaria a comprendere come le strade (di un paese, di una citt\u00e0, di un borgo rurale) sono i luoghi della comunicazione, dello scambio, della curiosit\u00e0, del viaggio e qualche volta, ancora purtroppo ed anche spesso, luogo degli incidenti e dei pericoli.<\/p>\n<p style=\"text-align: justify;\">A portare il &#8220;grazie&#8221; della scuola ai volontari che nelle due mattine hanno portato le loro testimonianze ai ragazzi, il vice preside, prof. Osvaldo Buonaccino, che ha accolto i presenti e il portavoce e presidente dell\u2019associazione no profit &#8220;Vivilastrada&#8221;, da sempre sollecita a portare avanti una campagna di sensibilizzazione sulle tematiche, declinata a seconda delle diverse fasce di et\u00e0.<\/p>\n<p style=\"text-align: justify;\">Dopo un breve ripasso delle norme che pedoni, passeggeri e ciclisti sono tenuti a rispettare, i ragazzi sono stati i protagonisti di alcuni comportamenti da tenere in strada: dalla corretta scelta ed uso del casco integrale, al comportamento da tenere in caso di sinistro stradale dove l\u2019intervento del 118 e dei Vigili del Fuoco \u00e8 per fondamentale per salvare vite umane. Ma sono le parole di un ex agente dei Carabinieri, vittima di un incidente stradale durante un intervento di soccorso, a smuovere le coscienze dei presenti. \u201cNon avrei mai immaginato di concludere la mia carriera in questo modo\u201d &#8211; ha commentato l\u2019agente alla visione delle immagini dell\u2019incidente che lo ha visto coinvolto. Fermatosi col suo collega per prestare soccorso, una vettura giungendo a grande velocit\u00e0 ha scritto la parola fine alla vita del suo collega ed ha aperto un nuovo capitolo della vita dell&#8217;ex agente. Trasportato al Di Venere, Azzena ha vissuto molti mesi in un letto d\u2019ospedale e dopo il coma ha subito numerosi interventi chirurgici, imparando a convivere con la sua nuova realt\u00e0.<\/p>\n<p style=\"text-align: justify;\">Ad impressionare gli studenti, poi, il video del trentenne putignanese Piero Console. Piero ormai \u00e8 da anni che collabora con &#8220;Vivilastrada&#8221;, e cerca di trasmettere ai ragazzi attraverso la sua storia il valore della vita. Sono passati quasi 20 anni (era il 2000) dal giorno del suo incidente stradale dove la causa \u00e8 stata l\u2019abuso di alcool. \u00c8 stato in coma per 45 giorni, al suo risveglio non accettava le sue condizioni. \u00c8 rimasto sulla sedia a rotelle per 5 anni, dopodich\u00e9 \u00e8 passato alle stampelle. Continua giornalmente a fare riabilitazione e fisioterapia per riuscire a ritornare a camminare senza dover pi\u00f9 fare affidamento su un bastone. La sua grande forza viene trasmessa dalla mamma, la Signora Carmela, che non ha mai lasciato Piero in questa che lui chiama &#8220;bella esperienza&#8221;, che lo ha fatto crescere e diventare pi\u00f9 responsabile di se stesso ma anche educatore di tutti quei giovani che si apprestano a diventare futuri fruitori della strada.<\/p>\n<p style=\"text-align: justify;\">I ragazzi, con un caloroso applauso, hanno dato coraggio a Piero nel continuare a combattere questa battaglia e di non arrendersi mai.<\/p>\n<p style=\"text-align: right;\"><strong>C.D.<\/strong><\/p>\n<p><object width=\"640\" height=\"480\" data=\"https:\/\/www.flickr.com\/apps\/slideshow\/show.swf?v=261948265\" type=\"application\/x-shockwave-flash\"><param name=\"flashvars\" value=\"offsite=true&amp;lang=it-it&amp;page_show_url=%2Fphotos%2F91470992%40N02%2Fsets%2F72157704389894571%2Fshow%2F&amp;page_show_back_url=%2Fphotos%2F91470992%40N02%2Fsets%2F72157704389894571%2F&amp;set_id=72157704389894571&amp;jump_to=0\" \/><param name=\"movie\" value=\"https:\/\/www.flickr.com\/apps\/slideshow\/show.swf?v=261948265\" \/><param name=\"allowFullScreen\" value=\"true\" \/><\/object><\/p>\n","protected":false},"excerpt":{"rendered":"<p><img loading=\"lazy\" decoding=\"async\" src=\"https:\/\/farm5.staticflickr.com\/4901\/31840250567_185c50af2a_n.jpg\" alt=\"ites  vivilastrada (9)\" width=\"320\" height=\"240\" \/><\/p>\n<p><strong><\/p>\n","protected":false},"author":1,"featured_media":0,"comment_status":"open","ping_status":"closed","sticky":false,"template":"","format":"standard","meta":{"colormag_page_container_layout":"default_layout","colormag_page_sidebar_layout":"default_layout","footnotes":""},"categories":[6],"tags":[],"class_list":["post-16219","post","type-post","status-publish","format-standard","hentry","category-cultura"],"_links":{"self":[{"href":"https:\/\/archivioturi.lavocedelpaese.info\/index.php\/wp-json\/wp\/v2\/posts\/16219","targetHints":{"allow":["GET"]}}],"collection":[{"href":"https:\/\/archivioturi.lavocedelpaese.info\/index.php\/wp-json\/wp\/v2\/posts"}],"about":[{"href":"https:\/\/archivioturi.lavocedelpaese.info\/index.php\/wp-json\/wp\/v2\/types\/post"}],"author":[{"embeddable":true,"href":"https:\/\/archivioturi.lavocedelpaese.info\/index.php\/wp-json\/wp\/v2\/users\/1"}],"replies":[{"embeddable":true,"href":"https:\/\/archivioturi.lavocedelpaese.info\/index.php\/wp-json\/wp\/v2\/comments?post=16219"}],"version-history":[{"count":0,"href":"https:\/\/archivioturi.lavocedelpaese.info\/index.php\/wp-json\/wp\/v2\/posts\/16219\/revisions"}],"wp:attachment":[{"href":"https:\/\/archivioturi.lavocedelpaese.info\/index.php\/wp-json\/wp\/v2\/media?parent=16219"}],"wp:term":[{"taxonomy":"category","embeddable":true,"href":"https:\/\/archivioturi.lavocedelpaese.info\/index.php\/wp-json\/wp\/v2\/categories?post=16219"},{"taxonomy":"post_tag","embeddable":true,"href":"https:\/\/archivioturi.lavocedelpaese.info\/index.php\/wp-json\/wp\/v2\/tags?post=16219"}],"curies":[{"name":"wp","href":"https:\/\/api.w.org\/{rel}","templated":true}]}}