{"id":16212,"date":"2019-01-20T06:49:01","date_gmt":"2019-01-20T06:49:01","guid":{"rendered":"https:\/\/archivioturi.lavocedelpaese.info\/index.php\/2019\/01\/20\/settantanni-di-unitalsi\/"},"modified":"2019-01-20T06:49:01","modified_gmt":"2019-01-20T06:49:01","slug":"settantanni-di-unitalsi","status":"publish","type":"post","link":"https:\/\/archivioturi.lavocedelpaese.info\/index.php\/2019\/01\/20\/settantanni-di-unitalsi\/","title":{"rendered":"Settant\u2019anni di Unitalsi"},"content":{"rendered":"<p><img loading=\"lazy\" decoding=\"async\" src=\"https:\/\/farm5.staticflickr.com\/4860\/32906116998_1b322d579f_n.jpg\" alt=\"unitalsi 2\" width=\"320\" height=\"228\" \/><\/p>\n<p style=\"text-align: center;\"><strong>La Diocesi festeggia il suo anniversario tra preghiere e testimonianze<\/strong><\/p>\n<p style=\"text-align: justify;\">Porter\u00e0 la sua testimonianza e pregher\u00e0 al fianco degli Unitalsiani della Diocesi, la sezione Unitalsi di Turi che domenica 20 gennaio parteciper\u00e0 al 70esimo \u201cUn cammino d\u2019Amore\u201d.<\/p>\n<p style=\"text-align: justify;\">Settanta anni di incontri, 70 anni di storie, 70 anni di cammino condiviso, 70 anni di servizio, 70 anni di ascolto, 70 anni di amore. Sar\u00e0 un cammino che ripercorrer\u00e0 l\u2019incontro con il Signore a Lourdes, per mezzo di Maria, fino al &#8220;ritorno a casa&#8221; con la Santa Messa e Benedizione Eucaristica degli ammalati.<\/p>\n<p style=\"text-align: justify;\">Quella dell\u2019UNITALSI (Unione Nazionale Italiana Trasporto Ammalati a Lourdes e Santuari Internazionali) \u00e8 una \u201cstoria di servizio\u201d che si \u00e8 sempre alimentata del desiderio di essere uno \u201cstrumento\u201d nelle mani di Dio, per portare la speranza dove c\u2019\u00e8 disperazione, un sorriso dove regna la tristezza, l\u2019amicizia dove c\u2019\u00e8 la solitudine e il sostegno dove c\u2019\u00e8 la difficolt\u00e0.<\/p>\n<p style=\"text-align: justify;\">Come associazione cattolica la sua principale missione \u00e8 accompagnare in pellegrinaggio le persone in difficolt\u00e0, colpite dalla malattia, dalla disabilit\u00e0 e dalla sofferenza nei luoghi dove la presenza della Vergine \u00e8 particolarmente sentita (santuari internazionali di Lourdes, Fatima, Loreto, Terra Santa).<\/p>\n<p style=\"text-align: justify;\">Quello dell\u2019UNITALSI \u00e8 un pellegrinaggio che non finisce mai, \u00e8 un legame d\u2019amore e di servizio che non si esaurisce quando si scende dal \u201ctreno\u201d ma \u00e8 parte integrante della vita quotidiana di chi vi partecipa e continua presso le Sottosezioni dove si organizzano momenti di preghiera e sensibilizzazione sulla condizione del malato e si svolgono attivit\u00e0 e progetti di inclusione sociale.<\/p>\n<p style=\"text-align: justify;\">Saranno le parole e le preghiere degli unitalsiani a far battere il cuore nella Cattedrale di Monopoli domenica prossima, a partire dalle ore 16.30.<\/p>\n<p><img loading=\"lazy\" decoding=\"async\" src=\"https:\/\/farm8.staticflickr.com\/7812\/32906116878_6e07e053d7_c.jpg\" alt=\"unitalsi\" style=\"display: block; margin-left: auto; margin-right: auto;\" width=\"550\" height=\"800\" \/><\/p>\n","protected":false},"excerpt":{"rendered":"<p><img loading=\"lazy\" decoding=\"async\" src=\"https:\/\/farm5.staticflickr.com\/4860\/32906116998_1b322d579f_n.jpg\" alt=\"unitalsi 2\" width=\"320\" height=\"228\" \/><\/p>\n","protected":false},"author":1,"featured_media":0,"comment_status":"open","ping_status":"closed","sticky":false,"template":"","format":"standard","meta":{"colormag_page_container_layout":"default_layout","colormag_page_sidebar_layout":"default_layout","footnotes":""},"categories":[6],"tags":[],"class_list":["post-16212","post","type-post","status-publish","format-standard","hentry","category-cultura"],"_links":{"self":[{"href":"https:\/\/archivioturi.lavocedelpaese.info\/index.php\/wp-json\/wp\/v2\/posts\/16212","targetHints":{"allow":["GET"]}}],"collection":[{"href":"https:\/\/archivioturi.lavocedelpaese.info\/index.php\/wp-json\/wp\/v2\/posts"}],"about":[{"href":"https:\/\/archivioturi.lavocedelpaese.info\/index.php\/wp-json\/wp\/v2\/types\/post"}],"author":[{"embeddable":true,"href":"https:\/\/archivioturi.lavocedelpaese.info\/index.php\/wp-json\/wp\/v2\/users\/1"}],"replies":[{"embeddable":true,"href":"https:\/\/archivioturi.lavocedelpaese.info\/index.php\/wp-json\/wp\/v2\/comments?post=16212"}],"version-history":[{"count":0,"href":"https:\/\/archivioturi.lavocedelpaese.info\/index.php\/wp-json\/wp\/v2\/posts\/16212\/revisions"}],"wp:attachment":[{"href":"https:\/\/archivioturi.lavocedelpaese.info\/index.php\/wp-json\/wp\/v2\/media?parent=16212"}],"wp:term":[{"taxonomy":"category","embeddable":true,"href":"https:\/\/archivioturi.lavocedelpaese.info\/index.php\/wp-json\/wp\/v2\/categories?post=16212"},{"taxonomy":"post_tag","embeddable":true,"href":"https:\/\/archivioturi.lavocedelpaese.info\/index.php\/wp-json\/wp\/v2\/tags?post=16212"}],"curies":[{"name":"wp","href":"https:\/\/api.w.org\/{rel}","templated":true}]}}