{"id":16195,"date":"2019-01-15T08:55:44","date_gmt":"2019-01-15T08:55:44","guid":{"rendered":"https:\/\/archivioturi.lavocedelpaese.info\/index.php\/2019\/01\/15\/alessio-passaquindici-incontra-le-allieve-della-butterfly\/"},"modified":"2019-01-15T08:55:44","modified_gmt":"2019-01-15T08:55:44","slug":"alessio-passaquindici-incontra-le-allieve-della-butterfly","status":"publish","type":"post","link":"https:\/\/archivioturi.lavocedelpaese.info\/index.php\/2019\/01\/15\/alessio-passaquindici-incontra-le-allieve-della-butterfly\/","title":{"rendered":"Alessio Passaquindici incontra le allieve della Butterfly"},"content":{"rendered":"<p><img loading=\"lazy\" decoding=\"async\" src=\"https:\/\/farm5.staticflickr.com\/4917\/45791268855_74780f5f2c_n.jpg\" alt=\"stage alessio passaquindici (5)\" width=\"320\" height=\"240\" \/><\/p>\n<p style=\"text-align: center;\"><strong>Uno stage di danza con il ballerino dell\u2019Opera di Nizza<\/strong><\/p>\n<p style=\"text-align: justify;\">All\u2019A.S.D. Butterfly Palestra le festivit\u00e0 Natale hanno offerto nuove opportunit\u00e0 per le allieve delle classi di Danza. Nonostante le basse temperature, tra un fiocco di neve e l\u2019altro, gli allievi delle insegnanti Monica Passaquindici e Monica Lefemine hanno seguito uno stage di Danza col noto ballerino Alessio Passaquindici.<\/p>\n<p style=\"text-align: justify;\">Una nuova esperienza per le classi di danza della struttura sportiva che per la prima volta hanno incrociato il percorso artistico di un professionista che da Nizza ha portato la sua esperienza direttamente nella sala turese. Pochi giorni qui in Puglia, unica data e disponibilit\u00e0 per gli allievi della Butterfly e per coloro che, approfittando dell\u2019occasione, hanno voluto vivere il mondo magico della danza con un artista di fama mondiale.<\/p>\n<p style=\"text-align: justify;\">Divisi per sezioni ed et\u00e0, Alessio Passaquindici ha entusiasmato tutti i partecipanti con la sua \u201cleggerezza\u201d e passione, incrementando in ogni allievo il desiderio di perfezionarsi lungo un percorso sicuramente non facile, ma straordinario.<\/p>\n<p style=\"text-align: justify;\">Alessio Passaquindici, poco pi\u00f9 che trentenne, \u00e8 il primo ballerino (dal settembre 2010) del \u00abBallet Nice Medit\u00e9rran\u00e9e\u00bb del teatro dell\u2019Opera di Nizza, con la direzione del noto coreografo francese \u00c9ric Vu-An. Ma la curiosit\u00e0 pi\u00f9 grande \u00e8 che il danzatore barese (che la stampa francese ha definito \u00abil Billy Elliot italiano\u00bb), incontra la danza per caso, dopo un problema che lo costringe a mettere al chiodo le scarpe da calcio. Casualit\u00e0, curiosit\u00e0 e poi tanta passione lo portano in breve tempo a salire sui palchi prima nazionali, poi esteri.<\/p>\n<p style=\"text-align: justify;\">Nel marzo 2005 partecipa al concorso nazionale \u00abBaridanza\u00bb e vince il primo premio nella categoria \u00abSolisti\u00bb e \u00abPasso a due\u00bb per la classica; a maggio gli viene assegnata una delle due borse di studio su pi\u00f9 di mille partecipanti al \u00abFestival nazionale di danza\u00bb di Gubbio; a settembre, dopo la maturit\u00e0 classica, entra a far parte della scuola di danza del Teatro dell\u2019Opera di Roma, strabiliando tutti per il suo talento. Di l\u00ec il suo percorso \u00e8 tutto in salita approdando quindi tra le file dei Ballerini dell\u2019Op\u00e9ra di Nizza dove oggi continua a danzare regalando al suo pubblico incredibili emozioni. Infatti, diplomato al teatro dell&#8217;Opera di Roma inizia la sua carriera nello stesso Teatro sotto la direzione di Carla Fracci. Nel 2010 integra il corpo di ballo dell&#8217;Opera di Nizza e dopo qualche mese viene promosso primo ballerino. Nel settembre 2015 \u00e8 invitato al 20esimo international ballet gala di Miami.<\/p>\n<p style=\"text-align: justify;\">A luglio 2016 vince il PRIX BALLET 2000 a Cannes. A settembre 2016 vince il premio Positano come danzatore dell&#8217;anno sulla scena internazionale. \u00c8 del dicembre 2018 che finisce gli studi all&#8217;universit\u00e0 per laurearsi come professore di danza classica. Nella sua carriera ha interpretato i ruoli di Frantz in Coppelia, Frederic in Arlesienne, Basilio in Don Quichotte, Romeo in Romeo e Giulietta, Adagietto di Oscar Araiz, Night creature di Alvin Ailey, James ne la Sylphide, Suite en Blanc, Marco Polo di Cannito e tanti altri ancora.<\/p>\n<p><object width=\"640\" height=\"480\" data=\"https:\/\/www.flickr.com\/apps\/slideshow\/show.swf?v=261948265\" type=\"application\/x-shockwave-flash\"><param name=\"flashvars\" value=\"offsite=true&amp;lang=it-it&amp;page_show_url=%2Fphotos%2F91470992%40N02%2Fsets%2F72157702342832702%2Fshow%2F&amp;page_show_back_url=%2Fphotos%2F91470992%40N02%2Fsets%2F72157702342832702%2F&amp;set_id=72157702342832702&amp;jump_to=0\" \/><param name=\"movie\" value=\"https:\/\/www.flickr.com\/apps\/slideshow\/show.swf?v=261948265\" \/><param name=\"allowFullScreen\" value=\"true\" \/><\/object><\/p>\n","protected":false},"excerpt":{"rendered":"<p><img loading=\"lazy\" decoding=\"async\" src=\"https:\/\/farm5.staticflickr.com\/4917\/45791268855_74780f5f2c_n.jpg\" alt=\"stage alessio passaquindici (5)\" width=\"320\" height=\"240\" \/><\/p>\n","protected":false},"author":1,"featured_media":0,"comment_status":"open","ping_status":"closed","sticky":false,"template":"","format":"standard","meta":{"colormag_page_container_layout":"default_layout","colormag_page_sidebar_layout":"default_layout","footnotes":""},"categories":[6],"tags":[],"class_list":["post-16195","post","type-post","status-publish","format-standard","hentry","category-cultura"],"_links":{"self":[{"href":"https:\/\/archivioturi.lavocedelpaese.info\/index.php\/wp-json\/wp\/v2\/posts\/16195","targetHints":{"allow":["GET"]}}],"collection":[{"href":"https:\/\/archivioturi.lavocedelpaese.info\/index.php\/wp-json\/wp\/v2\/posts"}],"about":[{"href":"https:\/\/archivioturi.lavocedelpaese.info\/index.php\/wp-json\/wp\/v2\/types\/post"}],"author":[{"embeddable":true,"href":"https:\/\/archivioturi.lavocedelpaese.info\/index.php\/wp-json\/wp\/v2\/users\/1"}],"replies":[{"embeddable":true,"href":"https:\/\/archivioturi.lavocedelpaese.info\/index.php\/wp-json\/wp\/v2\/comments?post=16195"}],"version-history":[{"count":0,"href":"https:\/\/archivioturi.lavocedelpaese.info\/index.php\/wp-json\/wp\/v2\/posts\/16195\/revisions"}],"wp:attachment":[{"href":"https:\/\/archivioturi.lavocedelpaese.info\/index.php\/wp-json\/wp\/v2\/media?parent=16195"}],"wp:term":[{"taxonomy":"category","embeddable":true,"href":"https:\/\/archivioturi.lavocedelpaese.info\/index.php\/wp-json\/wp\/v2\/categories?post=16195"},{"taxonomy":"post_tag","embeddable":true,"href":"https:\/\/archivioturi.lavocedelpaese.info\/index.php\/wp-json\/wp\/v2\/tags?post=16195"}],"curies":[{"name":"wp","href":"https:\/\/api.w.org\/{rel}","templated":true}]}}