{"id":16191,"date":"2019-01-13T09:09:00","date_gmt":"2019-01-13T09:09:00","guid":{"rendered":"https:\/\/archivioturi.lavocedelpaese.info\/index.php\/2019\/01\/13\/la-pioggia-si-fa-in-tre-per-la-dof\/"},"modified":"2019-01-13T09:09:00","modified_gmt":"2019-01-13T09:09:00","slug":"la-pioggia-si-fa-in-tre-per-la-dof","status":"publish","type":"post","link":"https:\/\/archivioturi.lavocedelpaese.info\/index.php\/2019\/01\/13\/la-pioggia-si-fa-in-tre-per-la-dof\/","title":{"rendered":"La pioggia si fa in tre per la D.O.F."},"content":{"rendered":"<p><img loading=\"lazy\" decoding=\"async\" src=\"https:\/\/farm8.staticflickr.com\/7923\/32821117598_676e972aec_n.jpg\" alt=\"dof Premiazioni\" width=\"320\" height=\"213\" \/><\/p>\n<p style=\"text-align: justify;\">Settimana intensa per la D.O.F. Amatori Turi, a partire da sabato sera dove a Bari c\u2019\u00e8 stato l\u2019epilogo della stagione 2018 con le premiazioni del trofeo Terra di Bari. Una pioggia di premi per la societ\u00e0 turese. A partire dai primi posti di Aldo Mariani e Tony Bruno nelle rispettive categorie; ottimo il secondo posto di Lavinia Orlando ed il terzo di Maria Antonietta de Tommaso. Confortante il 4\u00b0 posto di Giuseppe Calabrese praticamente senza allenamento e sorprendente il 5\u00b0 posto di Stefano Arr\u00e8. Dulcis in fundo l\u2019oramai conclamato 4\u00b0 posto di societ\u00e0.<\/p>\n<p style=\"text-align: justify;\">Domenica sempre la pioggia protagonista a Faggiano per la \u201cStrabefana\u201d, prima gara della stagione con la famiglia De Tommaso che apre le danze. Percorso completamente bagnato ed arrivo sotto un forte acquazzone per un ottimo 3\u00b0 posto di Mariantonietta De Tommaso e uno splendido 10\u00b0 posto di pap\u00e0 Raffaele.<\/p>\n<p style=\"text-align: justify;\">Splendida la pioggia di sponsor che sta portando la societ\u00e0 al rinnovo del materiale tecnico. Tre nuovi partner si aggiungono al team e fanno compagnia a chi ha gi\u00e0 rinnovato: dal Black Devil Caf\u00e8 di Paolo Spinelli, passando per Fisiodecamed del nostro Filippo Stefano Dell\u2019Aera e chiudendo con Realt\u00e0 Immobiliare di Maria Fino e del nostro Luigi Saddi. Un grandioso ringraziamento da parte di tutta la societ\u00e0 va a questi nuovi partner considerando che la prossima settimana se ne aggiungeranno altri.<\/p>\n<p style=\"text-align: justify;\">Intanto fervono i preparativi per il primo cross di stagione per oggi, domenica 13 gennaio, in quel di Chiatona con la D.O.F. Amatori pronta a far festa tutti insieme ai nuovi atleti magari sotto una pioggia\u2026 di spumante.<\/p>\n<p><img loading=\"lazy\" decoding=\"async\" src=\"https:\/\/farm5.staticflickr.com\/4880\/32821116238_ddf17a1892.jpg\" alt=\"dof 2019\" style=\"display: block; margin-left: auto; margin-right: auto;\" width=\"375\" height=\"500\" \/><\/p>\n<p><img loading=\"lazy\" decoding=\"async\" src=\"https:\/\/farm8.staticflickr.com\/7892\/32821116158_b1753be7fc.jpg\" alt=\"dof 2019\" style=\"display: block; margin-left: auto; margin-right: auto;\" width=\"273\" height=\"500\" \/><\/p>\n<p><img loading=\"lazy\" decoding=\"async\" src=\"https:\/\/farm8.staticflickr.com\/7902\/32821113778_26f280e8ed.jpg\" alt=\"Realt\u00e0 Immobiliare\" style=\"display: block; margin-left: auto; margin-right: auto;\" width=\"500\" height=\"375\" \/><\/p>\n<p><img loading=\"lazy\" decoding=\"async\" src=\"https:\/\/farm8.staticflickr.com\/7821\/32821113818_ee279939bb.jpg\" alt=\"Black Devil\" style=\"display: block; margin-left: auto; margin-right: auto;\" width=\"500\" height=\"280\" \/><\/p>\n","protected":false},"excerpt":{"rendered":"<p><img loading=\"lazy\" decoding=\"async\" src=\"https:\/\/farm8.staticflickr.com\/7923\/32821117598_676e972aec_n.jpg\" alt=\"dof Premiazioni\" width=\"320\" height=\"213\" \/><\/p>\n","protected":false},"author":1,"featured_media":0,"comment_status":"open","ping_status":"closed","sticky":false,"template":"","format":"standard","meta":{"colormag_page_container_layout":"default_layout","colormag_page_sidebar_layout":"default_layout","footnotes":""},"categories":[5],"tags":[],"class_list":["post-16191","post","type-post","status-publish","format-standard","hentry","category-sport"],"_links":{"self":[{"href":"https:\/\/archivioturi.lavocedelpaese.info\/index.php\/wp-json\/wp\/v2\/posts\/16191","targetHints":{"allow":["GET"]}}],"collection":[{"href":"https:\/\/archivioturi.lavocedelpaese.info\/index.php\/wp-json\/wp\/v2\/posts"}],"about":[{"href":"https:\/\/archivioturi.lavocedelpaese.info\/index.php\/wp-json\/wp\/v2\/types\/post"}],"author":[{"embeddable":true,"href":"https:\/\/archivioturi.lavocedelpaese.info\/index.php\/wp-json\/wp\/v2\/users\/1"}],"replies":[{"embeddable":true,"href":"https:\/\/archivioturi.lavocedelpaese.info\/index.php\/wp-json\/wp\/v2\/comments?post=16191"}],"version-history":[{"count":0,"href":"https:\/\/archivioturi.lavocedelpaese.info\/index.php\/wp-json\/wp\/v2\/posts\/16191\/revisions"}],"wp:attachment":[{"href":"https:\/\/archivioturi.lavocedelpaese.info\/index.php\/wp-json\/wp\/v2\/media?parent=16191"}],"wp:term":[{"taxonomy":"category","embeddable":true,"href":"https:\/\/archivioturi.lavocedelpaese.info\/index.php\/wp-json\/wp\/v2\/categories?post=16191"},{"taxonomy":"post_tag","embeddable":true,"href":"https:\/\/archivioturi.lavocedelpaese.info\/index.php\/wp-json\/wp\/v2\/tags?post=16191"}],"curies":[{"name":"wp","href":"https:\/\/api.w.org\/{rel}","templated":true}]}}