{"id":16182,"date":"2019-01-04T07:19:47","date_gmt":"2019-01-04T07:19:47","guid":{"rendered":"https:\/\/archivioturi.lavocedelpaese.info\/index.php\/2019\/01\/04\/anche-a-turi-arriva-la-neve\/"},"modified":"2019-01-04T07:19:47","modified_gmt":"2019-01-04T07:19:47","slug":"anche-a-turi-arriva-la-neve","status":"publish","type":"post","link":"https:\/\/archivioturi.lavocedelpaese.info\/index.php\/2019\/01\/04\/anche-a-turi-arriva-la-neve\/","title":{"rendered":"Anche a Turi arriva la neve"},"content":{"rendered":"<p><img loading=\"lazy\" decoding=\"async\" src=\"https:\/\/farm5.staticflickr.com\/4908\/46595998411_a9e1f95819_n.jpg\" alt=\"neve villa turi\" width=\"320\" height=\"215\" \/><\/p>\n<p style=\"text-align: center;\"><strong>Mezzi spargisale in azione da ieri. Sospeso il mercato settimanale previsto per questa mattina<\/strong><\/p>\n<p style=\"text-align: justify;\">Dopo qualche timido fiocco di ieri pomeriggio, durante la nottata l&#8217;annunciata neve ha raggiunto Turi, che si \u00e8 svegliata ricoperta da un manto bianco.<\/p>\n<p><img loading=\"lazy\" decoding=\"async\" src=\"https:\/\/farm5.staticflickr.com\/4891\/46596015901_92c0b8a406_n.jpg\" alt=\"neve presepe turi\" style=\"margin: 6px; float: right;\" width=\"320\" height=\"271\" \/><\/p>\n<p style=\"text-align: justify;\">Va dato atto che questa volta la macchina amministrativa si \u00e8 mossa con efficienza e puntualit\u00e0. Per prima cosa, in virt\u00f9 dello Stato di Allerta diramato dal Dipartimento di Protezione Civile Regionale, il Commissario Straordinario ha provveduto gi\u00e0 da ieri, gioved\u00ec 3 dicembre, a convocare il Centro Operativo Comunale (COC), l&#8217;organismo straordinario per la gestione delle situazioni di emergenza, cui \u00e8 demandato il compito di attuare le procedure di organizzazione del sistema di Protezione Civile.<\/p>\n<p><img loading=\"lazy\" decoding=\"async\" src=\"https:\/\/farm5.staticflickr.com\/4620\/38773379210_ee625f64ef_n.jpg\" alt=\"Neve - Varie (5)\" style=\"margin: 6px; float: left;\" width=\"320\" height=\"207\" \/><\/p>\n<p style=\"text-align: justify;\">Il primo atto ufficiale del COC, coordinato dal Comandante della Polizia Locale dott. Marzano, ha visto l&#8217;attivazione dei mezzi spargisale. I volontari della Protezione Civile, a bordo di trattori appositamente attrezzati, hanno battuto le principali arterie del paese onde evitare la formazione di lastre di ghiaccio e, dunque, i conseguenti disagi alla circolazione dei veicoli.<\/p>\n<p style=\"text-align: justify;\">A seguire, il Sub Commissario Giangrande, dopo aver consultato il Centro Operativo Comunale, ha emanato l&#8217;ordinanza di sospensione del mercato settimanale previsto per oggi, venerd\u00ec 4 novembre. Due le ragioni che hanno motivato il provvedimento: i previsti cumuli di neve e le eventuali stratificazioni di ghiaccio rendono la circolazione pedonale e veicolare non sicura; inoltre l&#8217;assembramento di commercianti e avventori sarebbe comunque d&#8217;intralcio ai mezzi destinati allo sgombero della neve lungo le strade cittadine, comprese quelle di accesso al mercato settimanale&#8221;. La data in cui si recuperer\u00e0 la giornata di lavoro verr\u00e0 concordata con le associazioni di categoria.<\/p>\n<p style=\"text-align: justify;\">&nbsp;<\/p>\n","protected":false},"excerpt":{"rendered":"<p><img loading=\"lazy\" decoding=\"async\" src=\"https:\/\/farm5.staticflickr.com\/4908\/46595998411_a9e1f95819_n.jpg\" alt=\"neve villa turi\" width=\"320\" height=\"215\" \/><\/p>\n","protected":false},"author":1,"featured_media":0,"comment_status":"open","ping_status":"closed","sticky":false,"template":"","format":"standard","meta":{"colormag_page_container_layout":"default_layout","colormag_page_sidebar_layout":"default_layout","footnotes":""},"categories":[7],"tags":[],"class_list":["post-16182","post","type-post","status-publish","format-standard","hentry","category-attualita"],"_links":{"self":[{"href":"https:\/\/archivioturi.lavocedelpaese.info\/index.php\/wp-json\/wp\/v2\/posts\/16182","targetHints":{"allow":["GET"]}}],"collection":[{"href":"https:\/\/archivioturi.lavocedelpaese.info\/index.php\/wp-json\/wp\/v2\/posts"}],"about":[{"href":"https:\/\/archivioturi.lavocedelpaese.info\/index.php\/wp-json\/wp\/v2\/types\/post"}],"author":[{"embeddable":true,"href":"https:\/\/archivioturi.lavocedelpaese.info\/index.php\/wp-json\/wp\/v2\/users\/1"}],"replies":[{"embeddable":true,"href":"https:\/\/archivioturi.lavocedelpaese.info\/index.php\/wp-json\/wp\/v2\/comments?post=16182"}],"version-history":[{"count":0,"href":"https:\/\/archivioturi.lavocedelpaese.info\/index.php\/wp-json\/wp\/v2\/posts\/16182\/revisions"}],"wp:attachment":[{"href":"https:\/\/archivioturi.lavocedelpaese.info\/index.php\/wp-json\/wp\/v2\/media?parent=16182"}],"wp:term":[{"taxonomy":"category","embeddable":true,"href":"https:\/\/archivioturi.lavocedelpaese.info\/index.php\/wp-json\/wp\/v2\/categories?post=16182"},{"taxonomy":"post_tag","embeddable":true,"href":"https:\/\/archivioturi.lavocedelpaese.info\/index.php\/wp-json\/wp\/v2\/tags?post=16182"}],"curies":[{"name":"wp","href":"https:\/\/api.w.org\/{rel}","templated":true}]}}