{"id":16178,"date":"2019-01-03T14:17:48","date_gmt":"2019-01-03T14:17:48","guid":{"rendered":"https:\/\/archivioturi.lavocedelpaese.info\/index.php\/2019\/01\/03\/con-pasquale-del-re-per-servire-turi\/"},"modified":"2019-01-03T14:17:48","modified_gmt":"2019-01-03T14:17:48","slug":"con-pasquale-del-re-per-servire-turi","status":"publish","type":"post","link":"https:\/\/archivioturi.lavocedelpaese.info\/index.php\/2019\/01\/03\/con-pasquale-del-re-per-servire-turi\/","title":{"rendered":"Con Pasquale Del Re per \u201cServire Turi\u201d"},"content":{"rendered":"<p><img loading=\"lazy\" decoding=\"async\" src=\"https:\/\/farm5.staticflickr.com\/4900\/31499174097_1cac0558f4_o.jpg\" alt=\"Pasquale Del Re\" width=\"189\" height=\"235\" \/><\/p>\n<p style=\"text-align: center;\"><strong>Un nuovo Orientamento politico-culturale per Turi. Motivazioni e obiettivi con il suo ideatore<\/strong><\/p>\n<p style=\"text-align: justify;\">Siamo alla vigilia del Natale, ma in alcuni ambienti non si respira aria di festa. Ci si incontra e si discute; si tirano le somme e si osserva; si analizza e ci si confronta. Si mettono a nudo delle idee. Si fanno proposte e si cerca di rimboccarsi le maniche per comprendere come e cosa cambiare. Come agire.<\/p>\n<p style=\"text-align: justify;\">\u00c8 con questa prospettiva e con questo intento che in sordina si stanno componendo le fila di un nuovo Orientamento politico-culturale \u201cServire Turi\u201d. \u00c8 Pasquale Del Re il turese che abbiamo incontrato, un cittadino conosciuto a molti per le sue attivit\u00e0 teatrali e il suo caleidoscopio sulla realt\u00e0 turese. Una realt\u00e0 che sta cambiando, una societ\u00e0 che sta conoscendo delle variazioni e che a volte risponde in maniera disarmonica alle necessit\u00e0 che il tempo impone. \u201cTuri sta male! Turi non \u00e8 in salute! I nostri giovani stanno male! Le nostre famiglie stanno male.\u201d<\/p>\n<p style=\"text-align: justify;\">\u00c8 con queste parole che anticipa la sua riflessione il dott. Pasquale Del Re. \u201cResta il fatto che Turi sta vivendo un periodo difficile della sua storia recente! \u00c8 da un bel po\u2019 di tempo che la osservo, la sento e mi nutro, mio malgrado, del suo malessere. In tutta onest\u00e0 non ho mai visto Turi cos\u00ec in sofferenza e ne sono seriamente molto preoccupato! A volte ho la sensazione di vivere in un paese in preda all\u2019anarchia. Il disordine impera! Ognuno fa quello che vuole o che ritiene pi\u00f9 opportuno superando, a proprio piacimento, regole e principi di convivenza civile. La confusione si taglia come il burro ed, in questo clima, non solo \u00e8 complicato orientarsi, ma lo \u00e8 ancor di pi\u00f9, avventurarsi in analisi frivole e banali. Diventa impresa, nonostante le tante certezze, e ce ne sono, intravedere punti di riferimento seri e autorevoli, capaci di motivare la gente garantendone benessere, ordine e sicurezza. Non c\u2019\u00e8 solo deserto esteriore ma anche, ed \u00e8 pi\u00f9 pericoloso, un deserto interiore. Siamo in un momento difficile, di grossa incapacit\u00e0 a comunicare e stare nelle relazioni. In qualche modo mi sento responsabile anch\u2019io!\u201d.<\/p>\n<p style=\"text-align: justify;\">\u00c8 un turese deluso quello che sta parlando. \u00c8 un sociologo, un attento osservatore della nostra comunit\u00e0 che nonostante gli innumerevoli dubbi e le difficolt\u00e0, si \u00e8 fatto promotore della volont\u00e0 di non indossare alcun colore politico, di non vestire bandiere o inseguire miti, ma di mettersi a disposizione, con una squadra che in questi giorni sta lavorando, di Turi. Ecco che da questa idea nasce \u201cServire Turi\u201d per servire Tutti.<\/p>\n<p style=\"text-align: justify;\">\u201cTURI sta cambiando! Questo \u00e8 un fatto e l\u2019unico dato certo! L\u2019idea di fondo di questa mia iniziativa, pensata qualche annetto fa, \u00e8 quella di scuotere, di dare movimento, vitalit\u00e0 ad un paese che anche i giornali locali hanno pi\u00f9 volte definito \u2018dormitorio\u2019. Sappiamo tutti che da diversi anni a Turi \u00e8 in atto un processo migratorio non indifferente e un aumento esponenziale di abitazioni. Una Turi che sta cambiando corpo, si sta ingrassando, ma a cui, per\u00f2, bisogna darle un vestito nuovo, adeguato al corpo. \u00c8 necessario a questo punto ridisegnare il territorio, avvicinare le persone e collegare le periferie per permettere a tutti di entrare in relazione, socializzare e appropriarsi del luogo in cui hanno deciso di stabilirsi, vivere. Come? Integrando il vecchio (le tradizioni) con il nuovo (il flusso migratorio in atto). Includere le diverse identit\u00e0 in un unico contesto all&#8217;interno del quale ci sia tolleranza, ascolto attivo, empatia e cura\u201d.<\/p>\n<p style=\"text-align: justify;\">\u201cIl fatto grave \u00e8 che i passati amministratori hanno dimenticato la cosa pi\u00f9 importante: insieme alle case, \u00e8 fondamentale costruire Servizi. Pertanto, \u00e8 indispensabile offrire ai Turesi e ai tanti Nuovi turesi, che hanno deciso di trasferirsi nella nostra terra, non un Posto Letto ma Servizi. Turi c\u2019\u00e8 e va vissuta\u201d! &#8211; tuona Del Re nel suo discorso. Ma se su questo punto pareva di aver toccato l\u2019apice dei problemi, \u00e8 su un\u2019altra questione che punta il dito il coordinatore dei lavori. \u201cSuccede spesso, che i nostri Giovani appaiono sempre pi\u00f9 sfiduciati e poco motivati alla vita, al lavoro, alla possibilit\u00e0 di mettere su famiglia. Amare la vita \u00e8 un percorso che parte dall\u2019anima e dalla voglia di godere delle proprie capacit\u00e0 vedendole concretizzarsi. E allora, diventa quasi indispensabile e opportuno, fare in modo che soprattutto i sogni diventino risorsa, abilit\u00e0 creativa per lo sviluppo socio-culturale ed economico di una comunit\u00e0. Semplicemente osservando e imparando ad attingere dall\u2019offerta del proprio territorio\u201d.<\/p>\n<p style=\"text-align: justify;\">\u201cRitengo sia giunto il momento di intervenire direttamente, di scuotere energicamente questo paese, di portare alla consapevolezza di tutti che il primo cambiamento inizia dalla testa; che qualsiasi amministrazione ha come compito principale quello di orientare una comunit\u00e0; che qualsiasi amministrazione futura \u00e8 destinata a fallire se \u201cle arterie non pompano sangue\u201d. E le arterie sono rappresentate da tutte quelle persone che non vogliono lasciare morire, lentamente e irreversibilmente la nostra bella Turi, i nostri sogni. Le nuove generazioni non hanno un grande futuro davanti, se Tutti noi, pi\u00f9 grandi, non impariamo a rispettarci e a riconoscere l\u2019altro come una risorsa, come ricchezza e non come un ostacola da abbattere!\u201d<\/p>\n<p style=\"text-align: justify;\">\u201cC\u2019\u00e8 bisogno &#8211; conclude &#8211; di gente che Sogna, di sognatori, di gente Passionale, che vuole rimodellare Turi, di gente speciale, che vuole voltare pagina per ridare dignit\u00e0 al nostro paese\u201d.<\/p>\n<p style=\"text-align: justify;\">\u00c8 al suo fianco che si muove gi\u00e0 una bella fetta di cittadini che hanno voglia di dare nuova linfa, professionalit\u00e0 e intraprendenza al paese. \u201cPer troppo tempo ho ingoiato bocconi amari!\u201d- conclude.<\/p>\n<p style=\"text-align: justify;\">E noi auguriamo al dottor Pasquale Del Re e alla sua squadra di continuare a lavorare e arrivare con forza, passione e determinazione al prossimo appuntamento elettorale di maggio.<\/p>\n<p style=\"text-align: right;\"><strong>C.D.<\/strong><\/p>\n","protected":false},"excerpt":{"rendered":"<p><img loading=\"lazy\" decoding=\"async\" src=\"https:\/\/farm5.staticflickr.com\/4900\/31499174097_1cac0558f4_o.jpg\" alt=\"Pasquale Del Re\" width=\"189\" height=\"235\" \/><\/p>\n","protected":false},"author":1,"featured_media":0,"comment_status":"open","ping_status":"closed","sticky":false,"template":"","format":"standard","meta":{"colormag_page_container_layout":"default_layout","colormag_page_sidebar_layout":"default_layout","footnotes":""},"categories":[4],"tags":[],"class_list":["post-16178","post","type-post","status-publish","format-standard","hentry","category-politica"],"_links":{"self":[{"href":"https:\/\/archivioturi.lavocedelpaese.info\/index.php\/wp-json\/wp\/v2\/posts\/16178","targetHints":{"allow":["GET"]}}],"collection":[{"href":"https:\/\/archivioturi.lavocedelpaese.info\/index.php\/wp-json\/wp\/v2\/posts"}],"about":[{"href":"https:\/\/archivioturi.lavocedelpaese.info\/index.php\/wp-json\/wp\/v2\/types\/post"}],"author":[{"embeddable":true,"href":"https:\/\/archivioturi.lavocedelpaese.info\/index.php\/wp-json\/wp\/v2\/users\/1"}],"replies":[{"embeddable":true,"href":"https:\/\/archivioturi.lavocedelpaese.info\/index.php\/wp-json\/wp\/v2\/comments?post=16178"}],"version-history":[{"count":0,"href":"https:\/\/archivioturi.lavocedelpaese.info\/index.php\/wp-json\/wp\/v2\/posts\/16178\/revisions"}],"wp:attachment":[{"href":"https:\/\/archivioturi.lavocedelpaese.info\/index.php\/wp-json\/wp\/v2\/media?parent=16178"}],"wp:term":[{"taxonomy":"category","embeddable":true,"href":"https:\/\/archivioturi.lavocedelpaese.info\/index.php\/wp-json\/wp\/v2\/categories?post=16178"},{"taxonomy":"post_tag","embeddable":true,"href":"https:\/\/archivioturi.lavocedelpaese.info\/index.php\/wp-json\/wp\/v2\/tags?post=16178"}],"curies":[{"name":"wp","href":"https:\/\/api.w.org\/{rel}","templated":true}]}}