{"id":16175,"date":"2019-01-03T07:22:17","date_gmt":"2019-01-03T07:22:17","guid":{"rendered":"https:\/\/archivioturi.lavocedelpaese.info\/index.php\/2019\/01\/03\/qincontro-boccardi-resta-e-topputi-non-mi-risultaq\/"},"modified":"2019-01-03T07:22:17","modified_gmt":"2019-01-03T07:22:17","slug":"qincontro-boccardi-resta-e-topputi-non-mi-risultaq","status":"publish","type":"post","link":"https:\/\/archivioturi.lavocedelpaese.info\/index.php\/2019\/01\/03\/qincontro-boccardi-resta-e-topputi-non-mi-risultaq\/","title":{"rendered":"&#8220;Incontro Boccardi, Resta e Topputi? Non mi risulta!&#8221;"},"content":{"rendered":"<p><img loading=\"lazy\" decoding=\"async\" src=\"https:\/\/farm8.staticflickr.com\/7866\/46387928692_8ea093087f_n.jpg\" alt=\"PAOLO TUNDO\" width=\"243\" height=\"320\" \/><\/p>\n<p style=\"text-align: center;\"><strong>Intervista a Paolo Tundo che conferma l&#8217;unit\u00e0 di Forza Italia<\/strong><\/p>\n<p style=\"text-align: justify;\">\u00abPiuttosto che seguire le beghe interne ai partiti, gli elettori vogliono sapere cosa la coalizione si impegna a fare e da chi sar\u00e0 rappresentata\u00bb. Paolo Tundo va dritto al punto e, nell&#8217;intervista che ci ha rilasciato, oltre a smentire le voci dell&#8217;incontro tra Michele Boccardi e Onofrio Resta, chiede agli alleati responsabilit\u00e0 e tempi certi, indicando gennaio come il mese in cui tutti i nodi del programma e del candidato sindaco dovranno essere sciolti.<\/p>\n<p style=\"text-align: justify;\">In un momento in cui ogni giorno si fa il nome di un nuovo aspirante sindaco, Tundo richiama tutti alla concretezza: \u00abChiunque guider\u00e0 la prossima amministrazione dovr\u00e0 essere disposto a sacrificarsi per i prossimi cinque anni, lavorando a tempo pieno e mettendo in secondo piano affetti e ambizioni personali \u00bb.<\/p>\n<p style=\"text-align: justify;\">&nbsp;<\/p>\n<p style=\"text-align: justify;\"><strong>Era a conoscenza dell&#8217;incontro tra Boccardi, Resta e Topputi?<\/strong><\/p>\n<p style=\"text-align: justify;\">\u00abSono rimasto perplesso quando ho appreso dal vostro giornale la notizia di questo incontro. Per comprendere la situazione, ho chiamato Michele Boccardi che mi ha assicurato di non aver avuto nessun dialogo con alcuna forza politica.<\/p>\n<p style=\"text-align: justify;\">La voce messa in giro da qualcuno, evidentemente, voleva far intendere che Forza Italia fosse divisa al suo interno. In realt\u00e0 non \u00e8 cos\u00ec: con Michele Boccardi c&#8217;\u00e8 l&#8217;intesa a lavorare insieme in qualsiasi scenario si verr\u00e0 a creare in base ai futuri accordi politici. Inoltre, sia Boccardi che il coordinatore regionale D&#8217;Attis mi hanno dato pieno mandato a gestire le trattative elettorali a nome del partito\u00bb.<\/p>\n<p style=\"text-align: justify;\">&nbsp;<\/p>\n<p style=\"text-align: justify;\"><strong>Ritiene possibile un percorso comune con la lista civica di Fabio Topputi?<\/strong><\/p>\n<p style=\"text-align: justify;\">\u00abAl momento, condividendo le indicazioni della segreteria provinciale e regionale di Forza Italia, abbiamo deciso di partire dal confronto con le due forze politiche di centrodestra (Lega e Fratelli d&#8217;Italia) per poi allargare la coalizione ad altri soggetti politici, associazioni e membri della societ\u00e0 civile. Parlare di una possibile intesa con la lista di Fabio Topputi, come con qualsiasi altra formazione, \u00e8 prematuro: andr\u00e0 prima strutturata una solida piattaforma programmatica e poi si potr\u00e0 valutare e coinvolgere chi ha un reale interesse a convergere sul nostro percorso\u00bb.<\/p>\n<p style=\"text-align: justify;\">&nbsp;<\/p>\n<p style=\"text-align: justify;\"><strong>A proposito del tavolo di centrodestra, come sta procedendo?<\/strong><\/p>\n<p style=\"text-align: justify;\">\u00abNegli ultimi incontri ho, appunto, espresso l&#8217;urgenza di definire il programma e chi sar\u00e0 il candidato sindaco. Sono questi i due punti che interessano i cittadini: piuttosto che seguire le beghe interne ai partiti, gli elettori vogliono sapere cosa la coalizione si impegna a fare e da chi sar\u00e0 rappresentata\u00bb.<\/p>\n<p style=\"text-align: justify;\">&nbsp;<\/p>\n<p style=\"text-align: justify;\"><strong>Le linee guida di questo programma?<\/strong><\/p>\n<p style=\"text-align: justify;\">\u00abAscolto giornalmente la gente e ci sono tante insoddisfazioni che andranno tenute in considerazione. Sono dell&#8217;idea che, nella stesura delle linee guida della coalizione, bisogner\u00e0 seguire una duplice linea: inserire i provvedimenti qualificanti e urgenti, che abbiamo la certezza di poter sostenere con le risorse di bilancio, e in parallelo inglobare le esigenze generali emerse dalla &#8220;politica dell&#8217;ascolto&#8221;, individuando quelle prioritarie e trovando fondi alternativi per realizzarle senza incidere sulle tasse\u00bb.<\/p>\n<p style=\"text-align: justify;\">&nbsp;<\/p>\n<p style=\"text-align: justify;\"><strong>E per la scelta del candidato sindaco?<\/strong><\/p>\n<p style=\"text-align: justify;\">\u00abCome detto il nostro compito \u00e8 identificare una figura che sia in grado di rappresentare tutte le componenti della futura coalizione. Oggi si fanno i nomi di tanti candidati sindaco; immagino che gennaio sar\u00e0 il mese della concretezza, il momento in cui avremo nomi certi supportati non dalle voci ma dalla forza di un progetto politico. Tuttavia, \u00e8 importante che si comprenda che chiunque guider\u00e0 la prossima amministrazione dovr\u00e0 essere disposto a sacrificarsi per i prossimi cinque anni, lavorando a tempo pieno e mettendo in secondo piano affetti e ambizioni personali. Ed io, finora, queste persone non le ho viste\u00bb.<\/p>\n<p style=\"text-align: justify;\">&nbsp;<\/p>\n<p style=\"text-align: justify;\"><strong>Come mai ha preferito non rispondere alla domanda sulle politiche culturali?<\/strong><\/p>\n<p style=\"text-align: justify;\">\u00abNon sono disponibile a sbilanciarmi su qualsiasi progetto senza essere sicuro delle coperture finanziarie. Per il settore culturale, a mio avviso, ci sono sicuramente tantissime idee e iniziative che potranno essere intraprese a patto di recuperare finanziamenti autonomi, che non sottraggano risorse ai fondi destinati alla viabilit\u00e0 e all&#8217;attivit\u00e0 sportiva. Questi sono i due punti fermi che per me non sono negoziabili. E non per capriccio: rifare le strade di Turi vuol dire evitare di spendere migliaia di euro &#8211; dai 100 ai 150mila euro all&#8217;anno &#8211; per sostenere i costi dei risarcimenti ai cittadini che si infortunano a causa delle buche presenti ovunque. Rimettere in funzione il campo sportivo comunale, significa ridare forza ad un settore vitale, che tanto pu\u00f2 dare al nostro paese, e creare un luogo di sana aggregazione per i nostri ragazzi\u00bb.<\/p>\n","protected":false},"excerpt":{"rendered":"<p><img loading=\"lazy\" decoding=\"async\" src=\"https:\/\/farm8.staticflickr.com\/7866\/46387928692_8ea093087f_n.jpg\" alt=\"PAOLO TUNDO\" width=\"243\" height=\"320\" \/><\/p>\n","protected":false},"author":1,"featured_media":0,"comment_status":"open","ping_status":"closed","sticky":false,"template":"","format":"standard","meta":{"colormag_page_container_layout":"default_layout","colormag_page_sidebar_layout":"default_layout","footnotes":""},"categories":[4],"tags":[],"class_list":["post-16175","post","type-post","status-publish","format-standard","hentry","category-politica"],"_links":{"self":[{"href":"https:\/\/archivioturi.lavocedelpaese.info\/index.php\/wp-json\/wp\/v2\/posts\/16175","targetHints":{"allow":["GET"]}}],"collection":[{"href":"https:\/\/archivioturi.lavocedelpaese.info\/index.php\/wp-json\/wp\/v2\/posts"}],"about":[{"href":"https:\/\/archivioturi.lavocedelpaese.info\/index.php\/wp-json\/wp\/v2\/types\/post"}],"author":[{"embeddable":true,"href":"https:\/\/archivioturi.lavocedelpaese.info\/index.php\/wp-json\/wp\/v2\/users\/1"}],"replies":[{"embeddable":true,"href":"https:\/\/archivioturi.lavocedelpaese.info\/index.php\/wp-json\/wp\/v2\/comments?post=16175"}],"version-history":[{"count":0,"href":"https:\/\/archivioturi.lavocedelpaese.info\/index.php\/wp-json\/wp\/v2\/posts\/16175\/revisions"}],"wp:attachment":[{"href":"https:\/\/archivioturi.lavocedelpaese.info\/index.php\/wp-json\/wp\/v2\/media?parent=16175"}],"wp:term":[{"taxonomy":"category","embeddable":true,"href":"https:\/\/archivioturi.lavocedelpaese.info\/index.php\/wp-json\/wp\/v2\/categories?post=16175"},{"taxonomy":"post_tag","embeddable":true,"href":"https:\/\/archivioturi.lavocedelpaese.info\/index.php\/wp-json\/wp\/v2\/tags?post=16175"}],"curies":[{"name":"wp","href":"https:\/\/api.w.org\/{rel}","templated":true}]}}