{"id":16166,"date":"2018-12-30T10:41:40","date_gmt":"2018-12-30T10:41:40","guid":{"rendered":"https:\/\/archivioturi.lavocedelpaese.info\/index.php\/2018\/12\/30\/la-costituzione-raccontata-ai-piu-piccoli\/"},"modified":"2018-12-30T10:41:40","modified_gmt":"2018-12-30T10:41:40","slug":"la-costituzione-raccontata-ai-piu-piccoli","status":"publish","type":"post","link":"https:\/\/archivioturi.lavocedelpaese.info\/index.php\/2018\/12\/30\/la-costituzione-raccontata-ai-piu-piccoli\/","title":{"rendered":"La Costituzione raccontata ai pi\u00f9 piccoli"},"content":{"rendered":"<p><img loading=\"lazy\" decoding=\"async\" src=\"https:\/\/farm5.staticflickr.com\/4818\/32566084438_e00f74abfd_n.jpg\" alt=\"Alina Laruccia\" width=\"320\" height=\"240\" \/><\/p>\n<p style=\"text-align: center;\"><strong>Alina Laruccia ci parla dell&#8217;importanza di spiegare ai bambini, il nostro presente e il nostro futuro, le regole della vita civile<\/strong><\/p>\n<p style=\"text-align: justify;\">Abbiamo chiesto ad Alina Laruccia, presidente dell\u2019associazione &#8220;Didiario &#8211; Suggeritori di libri&#8221;, di parlarci del laboratorio sulla Costituzione per i bambini, in cantiere per gennaio. Ma l&#8217;intervista \u00e8 diventata una discussione pi\u00f9 ampia sulla fase storica che stiamo vivendo e che investe il paese, partendo dal vissuto di Alina per arrivare alle fondamenta del convivere, come tolleranza e solidariet\u00e0, che sono base ed espressione della Costituzione.<\/p>\n<p style=\"text-align: justify;\">&nbsp;<\/p>\n<p style=\"text-align: justify;\"><strong>In programma un\u2019altra iniziativa sulla Costituzione, ma dedicata ai bambini?<\/strong><\/p>\n<p style=\"text-align: justify;\">\u00abIn realt\u00e0 le iniziative sulla Costituzione continueranno, c\u2019\u00e8 stato un percorso di cinque appuntamenti, da settembre a dicembre, e dovremmo recuperare uno di questi che non si \u00e8 fatto, previsto con Massimo Bray. Questi incontri sono per i settant\u2019anni della Costituzione e avendo avuto un buon successo di pubblico da altri paesi &#8211; Monopoli, Bari, Castellana, Conversano, Noci, oltre agli affezionati del nostro Comune &#8211; abbiamo deciso che gli appuntamenti ricominceranno da gennaio.<\/p>\n<p style=\"text-align: justify;\">Per\u00f2 pensavo che sarebbe interessante rivolgere delle iniziative ai bambini e ai ragazzi. Io appartengo alla generazione che ha fatto a scuola, il pomeriggio, educazione civica ed era una iniziativa lodevole, che coinvolgeva anche educazione stradale. Quando l\u2019ho fatto io, venivano impegnate le insegnanti supplenti o che lavoravano durante la giornata. Per me quello \u00e8 stato un bagaglio molto importante. Comunque, al di l\u00e0 dei settant&#8217;anni della Costituzione, i bambini e i ragazzi non conoscono nulla della carta costituzionale e delle leggi. Se chiedessi ad un bambino chi sia il Presidente della Repubblica, non so se mi risponderebbe Mattarella. Se chiedessi chi sia il Presidente del Consiglio non so se mi risponderebbe Conte\u00bb.<\/p>\n<p style=\"text-align: justify;\">&nbsp;<\/p>\n<p style=\"text-align: justify;\"><strong>Magari risponderebbe Salvini, considerata l&#8217;esposizione mediatica del ministro e la sua abitudine a occuparsi di commissioni di altri ministeri.<\/strong><\/p>\n<p style=\"text-align: justify;\">\u00abS\u00ec, penso che risponderebbe Salvini, probabilmente. A casa, quando ero bambina, c\u2019era pap\u00e0 che mi faceva queste domande. In quarta o in quinta elementare mi ha portato dalle persone che secondo lui governavano il paese ed io, con un quadernetto, ho fatto un intervista al Sindaco, al Maresciallo dei Carabinieri, al direttore del Carcere e anche all\u2019Arciprete. A loro ho chiesto &#8220;Chi sei tu? Qual \u00e8 il tuo ruolo nel paese?&#8221;\u00bb.<\/p>\n<p style=\"text-align: justify;\">&nbsp;<\/p>\n<p style=\"text-align: justify;\"><strong>Ci ha parlato di educazione civica a scuola. Come era?<\/strong><\/p>\n<p style=\"text-align: justify;\">\u00abLe lezioni fondamentali erano come ci si comporta con gli adulti, con gli stessi bambini e il rispetto delle regole. Dalle cose pi\u00f9 banali, come il buongiorno, aiutare il prossimo, aiutare qualcuno ad attraversare la strada, ai segnali stradali: attraversare sulle strisce pedonali, non buttare le carte per terra, tenere pulita la strada. E poi che siamo tutti uguali.<\/p>\n<p style=\"text-align: justify;\">L\u2019abbiamo fatto in quinta elementare ma lo facevano anche le famiglie. Il mio pap\u00e0 e la mia mamma non ci consentivano di alzarci se non si diceva buongiorno, buon pranzo, buona cena. Oggi devo dire che non sento in giro molta educazione e penso che dipenda dal fatto che la famiglia non esiste pi\u00f9. Dedichiamo troppo impegno ai telefonini e non si d\u00e0 pi\u00f9 tempo ai ragazzi, ma la colpa non \u00e8 dei ragazzi. Tutta questa situazione che sta capitando nel nostro Paese penso dipenda dalla famiglia che non c\u2019\u00e8 pi\u00f9. La famiglia si \u00e8 sgretolata e non c\u2019\u00e8 pi\u00f9 rispetto dei ruoli genitori-figli. La nostra \u00e8 l\u2019ultima generazione che ha ubbidito ai genitori, mentre adesso c\u2019\u00e8 una generazione in cui i genitori ubbidiscono ai figli e la figura del pap\u00e0 e della mamma \u00e8 stata sostituita dall&#8217;amico. Devo dire che c&#8217;\u00e8 un degrado culturale che ci ha investito. Questa \u00e8 la mia opinione personale, sicuramente di parte. Io mi occupo di formazione e cultura, perch\u00e9 per me \u00e8 fondamentale e penso che la cultura venga prima di tutto; da non confondere con l&#8217;essere dotti o pseudo intellettuali, ma il piacere di conoscere, di formarsi e informarsi\u00bb.<\/p>\n<p style=\"text-align: justify;\">&nbsp;<\/p>\n<p style=\"text-align: justify;\"><strong>Ritorniamo al ciclo di iniziative sulla Costituzione.<\/strong><\/p>\n<p style=\"text-align: justify;\">\u00abAbbiamo pensato di rivolgerci ai bambini e chiamarlo &#8220;ABCi&#8221;, perch\u00e9 vogliamo parlare delle cose fondamentali: la questione civica \u00e8 il rispetto dell&#8217;ambiente, il prossimo, la solidariet\u00e0, la tolleranza che sono appunto l&#8217;abc. L&#8217;intento \u00e8 raccontare la Costituzione, con i suoi diritti e doveri, in modo molto divertente; cos\u00ec come in altre occasioni abbiamo fatto sfruttando il fascino delle filastrocche.<\/p>\n<p style=\"text-align: justify;\">Partiamo per esempio dal signor Tizio, che un giorno parcheggia la sua macchina sulle strisce pedonali o sul posto riservato agli invalidi. Qualcuno non lo rimproverer\u00e0? No, perch\u00e9 sta arrivando il vigile. Ma siccome Tizio ha un bar, il vigile entrer\u00e0 nel bar del signor Tizio per prendere un caff\u00e8 e non lo pagher\u00e0 e cos\u00ec il vigile non gli far\u00e0 la multa. Questo \u00e8 uno dei tanti esempi spiccioli per aprire il dibattito sulla nostra carta costituzionale\u00bb.<\/p>\n<p style=\"text-align: justify;\">&nbsp;<\/p>\n<p style=\"text-align: justify;\"><strong>Quindi spiegare la Costituzione significa raccontare le regole di vita civica?<\/strong><\/p>\n<p style=\"text-align: justify;\">\u00abCredo che raccontare le regole di vita civica sia indispensabile. Non basta illustrare i diritti e i doveri, bisogna allargare il quadro a tutto quello che comporta il vivere insieme, come la condivisione e il rispetto di tutti quanti.<\/p>\n<p style=\"text-align: justify;\">Non ci nascondiamo, ieri ho letto una notizia che mi ha stravolto. Un lavoratore moldavo si \u00e8 fatto male mentre lavorava &#8220;a nero&#8221; e il padrone l\u2019ha buttato in un dirupo. Come questo ci sono tanti altri casi. Se ci pensiamo, in questo momento a Turi ci prepariamo a vivere il Natale, ma poi ci giriamo dall\u2019altra parte o ci nascondiamo. Cos\u00ec mi chiedo: il rispetto dell\u2019altro da dove viene? Dai bambini che sono il nostro presente e il nostro futuro. La cattiveria non \u00e8 dentro l\u2019uomo, nasce se si frequentano determinati contesti e se si ascoltano determinate cose. Chiaramente non ho la presunzione di cancellare la cattiveria, per\u00f2 penso che raccontare ai bambini il mio piacere per la letteratura, per i libri, per il rispetto dell\u2019altro, sia una lezione per me e per loro. Come sta evolvendo questo mondo a me non piace e non penso di essere l\u2019unica a vedere un mondo di gente cattiva.<\/p>\n<p style=\"text-align: justify;\">Io sono figlia di un pap\u00e0 che ha fatto il migrante in Germania e lui aveva un amico tedesco che, quando usciva la sera, gli diceva: &#8220;Donato tu non parlare&#8221;. Siccome mio padre era biondo, passava da inglese e quando entrava nel bar lui faceva l\u2019avventore muto, perch\u00e9 fuori dal bar c\u2019era una scritta che recitava &#8220;vietato l\u2019ingresso ai cani e agli italiani&#8221;\u00bb<\/p>\n<p style=\"text-align: justify;\">&nbsp;<\/p>\n<p style=\"text-align: justify;\"><strong>Questo negli anni &#8217;60?<\/strong><\/p>\n<p style=\"text-align: justify;\">\u00abSi, mio pap\u00e0 \u00e8 stato in Germania dal &#8217;61 al &#8217;63, e non stiamo parlando del medioevo. Eppure temo che le lezioni di quel recente passato le abbiamo dimenticate. Cos\u00ec come abbiamo rimosso la tragedia della miniera di Marcinelle, in cui gli uomini erano una merce: un uomo, un sacco di carbone.<\/p>\n<p style=\"text-align: justify;\">Oggi l&#8217;altro, che spaventa e viene visto come il &#8220;nemico&#8221;, \u00e8 diventato &#8220;l&#8217;uomo nero&#8221;, un po&#8217; come si diceva ai bambini. A me \u00e8 stato insegnato che la porta non debba essere chiusa a nessuno, ed \u00e8 questo quello che vorremmo trasmettere ai bambini\u00bb.<\/p>\n<p style=\"text-align: justify;\">&nbsp;<\/p>\n<p style=\"text-align: justify;\"><strong>I laboratori per i bambini saranno a pagamento?<\/strong><\/p>\n<p style=\"text-align: justify;\">\u00abNo, saranno gratuiti. Quello per gli adulti invece \u00e8 costato 15 euro per tutti i sei seminari, quindi 2,5 euro a persona; insomma il costo di un caff\u00e8 e un cornetto. Ma per gli ospiti dobbiamo prevedere vitto e alloggio; in pi\u00f9 abbiamo preparato locandine e brochure. Siccome non abbiamo contributi da nessuno, ci siamo detti che era impossibile farlo gratis. Qualcuno ci ha accusati di &#8220;metterci i soldi in tasca&#8221;, ma stavo pensando che quando avremo finito pubblicheremo il bilancio e sar\u00e0 chiaro quanti siano stati i costi e quante le entrate\u00bb.<\/p>\n<p style=\"text-align: right;\"><strong>ANTONIO ZITA<\/strong><\/p>\n","protected":false},"excerpt":{"rendered":"<p><img loading=\"lazy\" decoding=\"async\" src=\"https:\/\/farm5.staticflickr.com\/4818\/32566084438_e00f74abfd_n.jpg\" alt=\"Alina Laruccia\" width=\"320\" height=\"240\" \/><\/p>\n","protected":false},"author":1,"featured_media":0,"comment_status":"open","ping_status":"closed","sticky":false,"template":"","format":"standard","meta":{"colormag_page_container_layout":"default_layout","colormag_page_sidebar_layout":"default_layout","footnotes":""},"categories":[6],"tags":[],"class_list":["post-16166","post","type-post","status-publish","format-standard","hentry","category-cultura"],"_links":{"self":[{"href":"https:\/\/archivioturi.lavocedelpaese.info\/index.php\/wp-json\/wp\/v2\/posts\/16166","targetHints":{"allow":["GET"]}}],"collection":[{"href":"https:\/\/archivioturi.lavocedelpaese.info\/index.php\/wp-json\/wp\/v2\/posts"}],"about":[{"href":"https:\/\/archivioturi.lavocedelpaese.info\/index.php\/wp-json\/wp\/v2\/types\/post"}],"author":[{"embeddable":true,"href":"https:\/\/archivioturi.lavocedelpaese.info\/index.php\/wp-json\/wp\/v2\/users\/1"}],"replies":[{"embeddable":true,"href":"https:\/\/archivioturi.lavocedelpaese.info\/index.php\/wp-json\/wp\/v2\/comments?post=16166"}],"version-history":[{"count":0,"href":"https:\/\/archivioturi.lavocedelpaese.info\/index.php\/wp-json\/wp\/v2\/posts\/16166\/revisions"}],"wp:attachment":[{"href":"https:\/\/archivioturi.lavocedelpaese.info\/index.php\/wp-json\/wp\/v2\/media?parent=16166"}],"wp:term":[{"taxonomy":"category","embeddable":true,"href":"https:\/\/archivioturi.lavocedelpaese.info\/index.php\/wp-json\/wp\/v2\/categories?post=16166"},{"taxonomy":"post_tag","embeddable":true,"href":"https:\/\/archivioturi.lavocedelpaese.info\/index.php\/wp-json\/wp\/v2\/tags?post=16166"}],"curies":[{"name":"wp","href":"https:\/\/api.w.org\/{rel}","templated":true}]}}