{"id":16163,"date":"2018-12-28T15:04:20","date_gmt":"2018-12-28T15:04:20","guid":{"rendered":"https:\/\/archivioturi.lavocedelpaese.info\/index.php\/2018\/12\/28\/lites-pertini-leader-nelle-certificazioni\/"},"modified":"2018-12-28T15:04:20","modified_gmt":"2018-12-28T15:04:20","slug":"lites-pertini-leader-nelle-certificazioni","status":"publish","type":"post","link":"https:\/\/archivioturi.lavocedelpaese.info\/index.php\/2018\/12\/28\/lites-pertini-leader-nelle-certificazioni\/","title":{"rendered":"L\u2019Ites \u201cPertini\u201d leader nelle certificazioni"},"content":{"rendered":"<p><img loading=\"lazy\" decoding=\"async\" src=\"https:\/\/farm8.staticflickr.com\/7886\/45715043574_007c8e30eb_n.jpg\" alt=\"Ites Pertini certificazioni 2018 (1)\" width=\"320\" height=\"210\" \/><\/p>\n<p style=\"text-align: center;\"><strong>L&#8217;Istituto turese si digitalizza sempre pi\u00f9!<\/strong><\/p>\n<p style=\"text-align: justify;\">\u201cNell&#8217;ambito dei suoi sforzi volti a promuovere la mobilit\u00e0 e la comprensione interculturale, l&#8217;UE ha inserito l&#8217;apprendimento delle lingue tra le sue priorit\u00e0 pi\u00f9 urgenti erogando finanziamenti per numerosi programmi e progetti in materia. L&#8217;UE considera il multilinguismo un elemento importante della competitivit\u00e0 europea. Uno degli obiettivi della politica linguistica dell&#8217;UE \u00e8 pertanto che ogni cittadino europeo abbia la padronanza di altre due lingue oltre alla propria lingua madre\u201d.<\/p>\n<p style=\"text-align: justify;\">L\u2019Istituto \u201cPertini\u201d di Turi ha fatto sua questa indicazione della comunit\u00e0 europea e dedica quindi una particolare attenzione allo studio delle lingue straniere. Due gli indirizzi dedicati: il \u201clinguistico\u201d che avvia lo studio di tre lingue straniere sin dal primo anno ed il \u201cturistico\u201d. Fiore all\u2019occhiello dell\u2019istituto \u00e8 la possibilit\u00e0, offerta ai ragazzi, di conseguire le certificazioni linguistiche in tutte le lingue che si studiano nella scuola, a partire dal biennio e in orario curricolare, ossia, senza frequentare corsi pomeridiani!<\/p>\n<p style=\"text-align: justify;\">Marted\u00ec 18 dicembre 2018 si \u00e8 svolta nell\u2019auditorium dell\u2019istituto la cerimonia di consegna degli attestati relativi alle certificazioni conseguite in inglese e tedesco. Tanti gli alunni turesi che si sono distinti: Zerilli Gianluca, D\u2019Addabbo Giuseppe, Pugliese Dalila, Fanelli Gabriela, Colapietro Eleonora, Pepe Onofrio, Dentico Martina, Savino Annabella, Colapinto Martina, Stano Rossella, Danza Luca, Di Turi Nicola. <br \/>Nella stessa mattinata sono state consegnate le certificazioni ECDL agli studenti che le hanno conseguite: Laterza Federica, Nuzzi Saverio, Petruzzi Rosaria, Cistulli Domenico.<\/p>\n<p style=\"text-align: justify;\">Ricordiamo che tali certificazioni non solo arricchiscono il curriculum di chi alla fine della scuola superiore decide di inserirsi nel mondo del lavoro, ma consentono ai ragazzi che si iscrivono all\u2019universit\u00e0 di non sostenere l\u2019esame di informatica e quello di lingua straniera in diverse facolt\u00e0.<\/p>\n<p style=\"text-align: justify;\">A tre anni dall\u2019adozione del book in progress, ossia dei libri in versione digitale, nelle classi prime e seconde dell\u2019istituto \u201cPertini\u201d di Turi si tracciano i primi bilanci. <br \/>Le famiglie sono entusiaste. Il passaggio dalla scuola media alla scuola superiore, che normalmente si traduce in un sacrificio economico notevole, \u00e8 costato loro soli \u20ac 100,00. Questa infatti la cifra che ha consentito a ciascun alunno di ottenere tutti i testi sia in formato cartaceo sia digitale. <br \/>I ragazzi, nativi digitali, hanno accolto positivamente questa innovazione. La mattina si recano a scuola dotati di tablet e quaderni e l\u00ec, con le lavagne digitali e le lezioni degli insegnanti, sviluppano nuove abilit\u00e0 e competenze.<\/p>\n<p style=\"text-align: right;\"><strong>Prof.ssa Maria Rosaria Torchetti<\/strong><\/p>\n<p><img loading=\"lazy\" decoding=\"async\" src=\"https:\/\/farm8.staticflickr.com\/7891\/45715043474_d5dc19d592_z.jpg\" alt=\"Ites Pertini certificazioni 2018 (2)\" width=\"640\" height=\"414\" \/><\/p>\n<p><img loading=\"lazy\" decoding=\"async\" src=\"https:\/\/farm5.staticflickr.com\/4909\/45715043404_662f745f1b_z.jpg\" alt=\"Ites Pertini certificazioni 2018 (3)\" width=\"640\" height=\"410\" \/><\/p>\n<p><img loading=\"lazy\" decoding=\"async\" src=\"https:\/\/farm8.staticflickr.com\/7898\/45715043314_748c976f10_z.jpg\" alt=\"Ites Pertini certificazioni 2018 (4)\" width=\"640\" height=\"464\" \/><\/p>\n<p><img loading=\"lazy\" decoding=\"async\" src=\"https:\/\/farm5.staticflickr.com\/4842\/45715043234_bd171b0288_z.jpg\" alt=\"Ites Pertini certificazioni 2018 (5)\" style=\"display: block; margin-left: auto; margin-right: auto;\" width=\"383\" height=\"640\" \/><\/p>\n","protected":false},"excerpt":{"rendered":"<p><img loading=\"lazy\" decoding=\"async\" src=\"https:\/\/farm8.staticflickr.com\/7886\/45715043574_007c8e30eb_n.jpg\" alt=\"Ites Pertini certificazioni 2018 (1)\" width=\"320\" height=\"210\" \/><\/p>\n","protected":false},"author":1,"featured_media":0,"comment_status":"open","ping_status":"closed","sticky":false,"template":"","format":"standard","meta":{"colormag_page_container_layout":"default_layout","colormag_page_sidebar_layout":"default_layout","footnotes":""},"categories":[7],"tags":[],"class_list":["post-16163","post","type-post","status-publish","format-standard","hentry","category-attualita"],"_links":{"self":[{"href":"https:\/\/archivioturi.lavocedelpaese.info\/index.php\/wp-json\/wp\/v2\/posts\/16163","targetHints":{"allow":["GET"]}}],"collection":[{"href":"https:\/\/archivioturi.lavocedelpaese.info\/index.php\/wp-json\/wp\/v2\/posts"}],"about":[{"href":"https:\/\/archivioturi.lavocedelpaese.info\/index.php\/wp-json\/wp\/v2\/types\/post"}],"author":[{"embeddable":true,"href":"https:\/\/archivioturi.lavocedelpaese.info\/index.php\/wp-json\/wp\/v2\/users\/1"}],"replies":[{"embeddable":true,"href":"https:\/\/archivioturi.lavocedelpaese.info\/index.php\/wp-json\/wp\/v2\/comments?post=16163"}],"version-history":[{"count":0,"href":"https:\/\/archivioturi.lavocedelpaese.info\/index.php\/wp-json\/wp\/v2\/posts\/16163\/revisions"}],"wp:attachment":[{"href":"https:\/\/archivioturi.lavocedelpaese.info\/index.php\/wp-json\/wp\/v2\/media?parent=16163"}],"wp:term":[{"taxonomy":"category","embeddable":true,"href":"https:\/\/archivioturi.lavocedelpaese.info\/index.php\/wp-json\/wp\/v2\/categories?post=16163"},{"taxonomy":"post_tag","embeddable":true,"href":"https:\/\/archivioturi.lavocedelpaese.info\/index.php\/wp-json\/wp\/v2\/tags?post=16163"}],"curies":[{"name":"wp","href":"https:\/\/api.w.org\/{rel}","templated":true}]}}