{"id":16139,"date":"2018-12-19T13:23:05","date_gmt":"2018-12-19T13:23:05","guid":{"rendered":"https:\/\/archivioturi.lavocedelpaese.info\/index.php\/2018\/12\/19\/anche-turi-qrialza-la-testaq\/"},"modified":"2018-12-19T13:23:05","modified_gmt":"2018-12-19T13:23:05","slug":"anche-turi-qrialza-la-testaq","status":"publish","type":"post","link":"https:\/\/archivioturi.lavocedelpaese.info\/index.php\/2018\/12\/19\/anche-turi-qrialza-la-testaq\/","title":{"rendered":"Anche Turi &#8220;rialza la testa&#8221;"},"content":{"rendered":"<p><img loading=\"lazy\" decoding=\"async\" src=\"https:\/\/farm5.staticflickr.com\/4818\/44488800560_09774fc29c_n.jpg\" alt=\"lega a roma (2)\" width=\"320\" height=\"213\" \/><\/p>\n<p style=\"text-align: center;\"><strong>Il circolo locale della &#8220;Lega per Salvini premier&#8221; presente alla manifestazione romana<\/strong><\/p>\n<p><img loading=\"lazy\" decoding=\"async\" src=\"https:\/\/farm5.staticflickr.com\/4909\/44488800920_1eb8647ee7_n.jpg\" alt=\"lega a roma (4)\" style=\"margin: 6px; float: right;\" width=\"189\" height=\"320\" \/><\/p>\n<p style=\"text-align: justify;\">C&#8217;era anche il Circolo di Turi alla manifestazione romana della Lega che, sabato 8 dicembre, ha scelto Piazza del Popolo per festeggiare il suo nuovo corso, quello di un partito che vuole farsi guida e interprete di quell&#8217;Italia che ha &#8220;rialzato la testa&#8221; di fronte ai diktat dell&#8217;Europa.<\/p>\n<p style=\"text-align: justify;\">Secondo i dati degli organizzatori erano circa 80mila i partecipanti, giunti da ogni regione ad accogliere il loro &#8220;Capitano&#8221;, che non ha deluso le aspettative dei sostenitori. Circondato dai ministri e dai sindaci leghisti, Matteo Salvini nel suo discorso ha ripercorso i risultati raggiunti in questi sei mesi di &#8220;governo del buonsenso&#8221;, assicurando che si continuer\u00e0 a lavorare fino alla fine del mandato senza chinare il capo di fronte a un&#8217;Europa che \u00abse si ferma allo spread, alla finanza, agli zerovirgola, \u00e8 destinata a fallire\u00bb. Ecco perch\u00e9 il premier leghista ha rilanciato la necessit\u00e0 di costruire una nuova comunit\u00e0 europea, \u00abfondata sul rispetto, sul lavoro, sulla crescita, sull&#8217;equit\u00e0\u00bb. E, proprio in nome di questi valori, ha chiesto alla sua piazza \u00abil mandato di andare a trattare con l&#8217;Ue non come ministro ma a nome di 60 milioni di italiani che vogliono lasciare ai loro figli e nipoti un&#8217;Italia migliore\u00bb.<\/p>\n<p style=\"text-align: justify;\">&nbsp;<\/p>\n<p style=\"text-align: justify;\"><strong>La nuova Lega<\/strong><\/p>\n<p><img loading=\"lazy\" decoding=\"async\" src=\"https:\/\/farm5.staticflickr.com\/4864\/44488800800_d6e29c7d9f_n.jpg\" alt=\"lega a roma (1)\" style=\"margin: 6px; float: left;\" width=\"320\" height=\"240\" \/><\/p>\n<p style=\"text-align: justify;\">Dal verde della &#8216;Lega per l&#8217;indipendenza della Padania&#8221; all&#8217;azzurro della &#8220;Lega per Salvini premier&#8221;. \u00c8 gi\u00e0 nei colori e nel nome che si trovano i segni di questo cambio epocale: una svolta nazional popolare che prende il posto della romantica rivolta secessionista. Il Carroccio con i suoi slogan contro &#8220;Roma Ladrona&#8221; e i &#8220;terroni meridionali&#8221; viene definitivamente archiviato, spazzato via da uno statuto ispirato ai principi del sovranismo.<\/p>\n<p style=\"text-align: justify;\">La nuova Lega, insomma, \u00e8 a misura del suo leader. Salvini \u00e8 riuscito a spostare il baricentro del partito a Sud senza impensierire il Nord, allargando la platea degli interlocutori e dei consensi. Il &#8220;Capitano&#8221; ha trasformato paure e bisogni dei cittadini in programma politico e, una volta arrivato al governo, in leggi e decreti &#8220;per gli italiani&#8221;. Una strategia unificatrice che ha pagato, facendo schizzare la Lega in testa ai sondaggi e occupando la prateria di un centrodestra sempre pi\u00f9 frammentato e insicuro.<\/p>\n<p style=\"text-align: justify;\">&nbsp;<\/p>\n<p style=\"text-align: justify;\"><strong>Un sindaco leghista?<\/strong><\/p>\n<p><img loading=\"lazy\" decoding=\"async\" src=\"https:\/\/farm5.staticflickr.com\/4816\/44488800690_2987012eba_n.jpg\" alt=\"lega a roma (3)\" style=\"margin: 6px; float: right;\" width=\"320\" height=\"213\" \/><\/p>\n<p style=\"text-align: justify;\">\u00abUna giornata unica e straordinaria &#8211; commenta Graziano Gigantelli, segretario del locale Circolo della Lega &#8211; un&#8217;esperienza fantastica e piena di significati. Rimarr\u00e0 impresso lo slogan &#8220;L&#8217;Italia rialza la testa&#8221;, la voglia di rendere la nostra nazione nuovamente competitiva e determinante in Europa e nel mondo. Ma ancor di pi\u00f9 il richiamo a quella &#8220;Rivoluzione del Buonsenso&#8221; che ha portato la gente comune a governare con responsabilit\u00e0\u00bb.<\/p>\n<p style=\"text-align: justify;\">\u00abPer ultimo &#8211; chiosa Gigantelli &#8211; l&#8217;invito del nostro Capitano a diffondere in tutt&#8217;Italia la buona politica come quella concreta dei Governatori e dei Sindaci della Lega&#8230; e chiss\u00e0 che la Lega non contribuisca a portare un governo di buonsenso e responsabilit\u00e0 per la nostra Turi&#8230; e, perch\u00e9 no, un Sindaco della Lega\u00bb.<\/p>\n","protected":false},"excerpt":{"rendered":"<p><img loading=\"lazy\" decoding=\"async\" src=\"https:\/\/farm5.staticflickr.com\/4818\/44488800560_09774fc29c_n.jpg\" alt=\"lega a roma (2)\" width=\"320\" height=\"213\" \/><\/p>\n","protected":false},"author":1,"featured_media":0,"comment_status":"open","ping_status":"closed","sticky":false,"template":"","format":"standard","meta":{"colormag_page_container_layout":"default_layout","colormag_page_sidebar_layout":"default_layout","footnotes":""},"categories":[4],"tags":[],"class_list":["post-16139","post","type-post","status-publish","format-standard","hentry","category-politica"],"_links":{"self":[{"href":"https:\/\/archivioturi.lavocedelpaese.info\/index.php\/wp-json\/wp\/v2\/posts\/16139","targetHints":{"allow":["GET"]}}],"collection":[{"href":"https:\/\/archivioturi.lavocedelpaese.info\/index.php\/wp-json\/wp\/v2\/posts"}],"about":[{"href":"https:\/\/archivioturi.lavocedelpaese.info\/index.php\/wp-json\/wp\/v2\/types\/post"}],"author":[{"embeddable":true,"href":"https:\/\/archivioturi.lavocedelpaese.info\/index.php\/wp-json\/wp\/v2\/users\/1"}],"replies":[{"embeddable":true,"href":"https:\/\/archivioturi.lavocedelpaese.info\/index.php\/wp-json\/wp\/v2\/comments?post=16139"}],"version-history":[{"count":0,"href":"https:\/\/archivioturi.lavocedelpaese.info\/index.php\/wp-json\/wp\/v2\/posts\/16139\/revisions"}],"wp:attachment":[{"href":"https:\/\/archivioturi.lavocedelpaese.info\/index.php\/wp-json\/wp\/v2\/media?parent=16139"}],"wp:term":[{"taxonomy":"category","embeddable":true,"href":"https:\/\/archivioturi.lavocedelpaese.info\/index.php\/wp-json\/wp\/v2\/categories?post=16139"},{"taxonomy":"post_tag","embeddable":true,"href":"https:\/\/archivioturi.lavocedelpaese.info\/index.php\/wp-json\/wp\/v2\/tags?post=16139"}],"curies":[{"name":"wp","href":"https:\/\/api.w.org\/{rel}","templated":true}]}}