{"id":16132,"date":"2018-12-17T15:58:49","date_gmt":"2018-12-17T15:58:49","guid":{"rendered":"https:\/\/archivioturi.lavocedelpaese.info\/index.php\/2018\/12\/17\/nominati-i-componenti-dellufficio-procedimenti-disciplinari\/"},"modified":"2018-12-17T15:58:49","modified_gmt":"2018-12-17T15:58:49","slug":"nominati-i-componenti-dellufficio-procedimenti-disciplinari","status":"publish","type":"post","link":"https:\/\/archivioturi.lavocedelpaese.info\/index.php\/2018\/12\/17\/nominati-i-componenti-dellufficio-procedimenti-disciplinari\/","title":{"rendered":"Nominati i componenti dell&#8217;Ufficio Procedimenti Disciplinari"},"content":{"rendered":"<p><img loading=\"lazy\" decoding=\"async\" src=\"https:\/\/farm5.staticflickr.com\/4910\/31366261717_0b569f144b_n.jpg\" alt=\"accesso-atti-procedimento-disciplinare-696x435\" width=\"320\" height=\"200\" \/><\/p>\n<p style=\"text-align: justify;\">Sono stati nominati i nuovi componenti dell&#8217;Ufficio per i Procedimenti Disciplinari relativi al personale dipendente non dirigenziale del Comune di Turi.<\/p>\n<p style=\"text-align: justify;\">Come stabilito dal Regolamento, il 12 giugno \u00e8 stato pubblicato un avviso pubblico per selezionare i tre membri che avrebbero costituito l&#8217;Ufficio per i procedimenti disciplinari (UDP). Quattro le domande di partecipazione pervenute nei tempi utili. Tuttavia, poich\u00e9 uno dei candidati ha successivamente comunicato di non essere pi\u00f9 disponibile a ricoprire l&#8217;incarico, il Commissario Cantadori ha potuto provvedere con proprio decreto alla nomina diretta dei restanti tre concorrenti, ovvero gli avvocati Sebastiano De Feudis (presidente), Maria Castellana e Valerio Polignano (componenti).<\/p>\n<p style=\"text-align: justify;\">A ciascun componente sar\u00e0 riconosciuta, per ogni seduta dell&#8217;UDP, un&#8217;indennit\u00e0 lorda di 100 euro. Al componente avente sede fuori dal Comune di Turi, inoltre, \u00e8 riconosciuto il rimborso delle spese di viaggio sostenute.<\/p>\n<p style=\"text-align: justify;\">L&#8217;Ufficio per i Procedimenti Disciplinari dura in carica tre anni e non \u00e8 collegato al mandato amministrativo del Commissario Straordinario o del Sindaco. Se durante il triennio uno o pi\u00f9 componenti dell&#8217;Ufficio cessano dall&#8217;incarico per qualsiasi causa, si provveder\u00e0 alla sostituzione per il solo tempo necessario al compimento del triennio. Fino alla nomina del sostituto, il collegio \u00e8 comunque validamente costituito, anche in composizione monocratica.<\/p>\n","protected":false},"excerpt":{"rendered":"<p><img loading=\"lazy\" decoding=\"async\" src=\"https:\/\/farm5.staticflickr.com\/4910\/31366261717_0b569f144b_n.jpg\" alt=\"accesso-atti-procedimento-disciplinare-696x435\" width=\"320\" height=\"200\" \/><\/p>\n","protected":false},"author":1,"featured_media":0,"comment_status":"open","ping_status":"closed","sticky":false,"template":"","format":"standard","meta":{"colormag_page_container_layout":"default_layout","colormag_page_sidebar_layout":"default_layout","footnotes":""},"categories":[7],"tags":[],"class_list":["post-16132","post","type-post","status-publish","format-standard","hentry","category-attualita"],"_links":{"self":[{"href":"https:\/\/archivioturi.lavocedelpaese.info\/index.php\/wp-json\/wp\/v2\/posts\/16132","targetHints":{"allow":["GET"]}}],"collection":[{"href":"https:\/\/archivioturi.lavocedelpaese.info\/index.php\/wp-json\/wp\/v2\/posts"}],"about":[{"href":"https:\/\/archivioturi.lavocedelpaese.info\/index.php\/wp-json\/wp\/v2\/types\/post"}],"author":[{"embeddable":true,"href":"https:\/\/archivioturi.lavocedelpaese.info\/index.php\/wp-json\/wp\/v2\/users\/1"}],"replies":[{"embeddable":true,"href":"https:\/\/archivioturi.lavocedelpaese.info\/index.php\/wp-json\/wp\/v2\/comments?post=16132"}],"version-history":[{"count":0,"href":"https:\/\/archivioturi.lavocedelpaese.info\/index.php\/wp-json\/wp\/v2\/posts\/16132\/revisions"}],"wp:attachment":[{"href":"https:\/\/archivioturi.lavocedelpaese.info\/index.php\/wp-json\/wp\/v2\/media?parent=16132"}],"wp:term":[{"taxonomy":"category","embeddable":true,"href":"https:\/\/archivioturi.lavocedelpaese.info\/index.php\/wp-json\/wp\/v2\/categories?post=16132"},{"taxonomy":"post_tag","embeddable":true,"href":"https:\/\/archivioturi.lavocedelpaese.info\/index.php\/wp-json\/wp\/v2\/tags?post=16132"}],"curies":[{"name":"wp","href":"https:\/\/api.w.org\/{rel}","templated":true}]}}