{"id":16111,"date":"2018-12-07T02:08:26","date_gmt":"2018-12-07T02:08:26","guid":{"rendered":"https:\/\/archivioturi.lavocedelpaese.info\/index.php\/2018\/12\/07\/musei-diffusi-e-cultura-come-attrattore-turistico\/"},"modified":"2018-12-07T02:08:26","modified_gmt":"2018-12-07T02:08:26","slug":"musei-diffusi-e-cultura-come-attrattore-turistico","status":"publish","type":"post","link":"https:\/\/archivioturi.lavocedelpaese.info\/index.php\/2018\/12\/07\/musei-diffusi-e-cultura-come-attrattore-turistico\/","title":{"rendered":"Musei diffusi e cultura come attrattore turistico"},"content":{"rendered":"<p><img loading=\"lazy\" decoding=\"async\" src=\"https:\/\/farm5.staticflickr.com\/4858\/45297883395_48d59e516b_n.jpg\" alt=\"Fabrizio Resta\" width=\"320\" height=\"320\" \/><\/p>\n<p style=\"text-align: center;\"><strong>Fabrizio Resta (Sinistra Italiana): Promuovere il nostro patrimonio culturale con piani strategici di comunicazione<\/strong><\/p>\n<p style=\"text-align: center;\"><strong><br \/><\/strong><\/p>\n<p style=\"text-align: justify;\"><strong>Un&#8217;idea concreta per promuovere la cultura a Turi?<\/strong><\/p>\n<p style=\"text-align: justify;\">\u00abBisogna fare in modo che il patrimonio culturale assurga ad attrattore turistico. Ci sono delle eccellenze nel nostro paese che vanno promosse e rese fruibili ai turisti. Penso alla chiesa di S. Oronzo, la Chiesa Madre, dove ci sono le opere di Stefano da Putignano, il centro storico ma anche l&#8217;eredit\u00e0 di Antonio Gramsci.<\/p>\n<p style=\"text-align: justify;\">Per raggiungere questo scopo \u00e8 fondamentale massimizzare la velocit\u00e0 di comunicazione con i turisti. Qualcosa che vada oltre il SAC, che fornisca una promozione a 360\u00b0 del solo nostro paese, un vero e proprio hub informativo. Promuovere il territorio tramite piani strategici di social media marketing e di comunicazione per progettare interfacce funzionali che permettano con facilit\u00e0 la consultazione e condivisione della storia-cultura, che l&#8217;utente pu\u00f2 per il momento visitare e &#8220;vivere&#8221; solamente recandosi fisicamente. Nel breve periodo anche fornire una mappa utilizzabile dal personale dei B&amp;B, opportunamente formato, in grado di fornire informazioni sull&#8217;offerta culturale del nostro paese e dei paesi limitrofi, potrebbe essere pi\u00f9 efficace di qualunque social o sito web.<\/p>\n<p style=\"text-align: justify;\">Qualcosa di avveniristico sarebbe mettersi d&#8217;accordo con i paesi limitrofi e creare dei musei diffusi, ossia dare visibilit\u00e0 a chi si esprime tramite qualunque forma di arte, ospitando le opere nei luoghi pubblici, nei B&amp;B, magari istituendo un &#8220;premio Turi&#8221; destinato agli artisti locali\u00bb.<\/p>\n<p style=\"text-align: justify;\">&nbsp;<\/p>\n<p style=\"text-align: justify;\"><strong>La &#8220;politica dei contributi&#8221;<\/strong><\/p>\n<p style=\"text-align: justify;\">\u00abChe senso hanno iniziative sporadiche, una tantum, simboliche, organizzate in modo volontaristico? Bisogna aiutare ed ascoltare chi si occupa della cultura a Turi, capire le problematiche ed intervenire affinch\u00e9 queste manifestazioni non siano occasionali, condannate a sparire dopo poche edizioni e trasformarle in vere e proprie tradizioni culturali del nostro paese. Per fare questo per\u00f2 \u00e8 necessario che le Associazioni abbiano la possibilit\u00e0 di incidere nella programmazione degli eventi, collaborando tra loro. Quello che la precedente Amministrazione \u00e8 sicuramente riuscita a fare, \u00e8 mettere insieme le Associazioni allo scopo di coprogettare e decidere insieme le attivit\u00e0 del paese, tramite un tavolo inclusivo e partecipato insieme a tutti i rappresentanti del settore e mi sembra che i risultati siano stati soddisfacenti. \u00c8 importante che questo orientamento non cambi nel futuro.<\/p>\n<p style=\"text-align: justify;\">Ovviamente i parametri che adotterei terrebbero conto della qualit\u00e0 delle iniziative proposte, della realizzabilit\u00e0 del progetto, delle attivit\u00e0 gi\u00e0 svolte e del successo della formula proposta, della capacit\u00e0 di avere un bilancio e una contabilit\u00e0 puntuale e trasparente, della capacit\u00e0 di partnership, non solo con l&#8217;Amministrazione Comunale ma anche con le altre associazioni. Aggiungerei contributi straordinari per quelle manifestazioni che hanno la capacit\u00e0 di attrarre la popolazione dai paesi limitrofi come parametro preferenziale, ma anche manifestazioni di carattere sportivo atte a promuovere la diffusione dei vari sport, specie se rivolte a bambini in et\u00e0 prescolare o diversamente abili\u00bb.<\/p>\n<p style=\"text-align: justify;\">&nbsp;<\/p>\n<p style=\"text-align: justify;\"><strong>Spazi pubblici a pagamento?<\/strong><\/p>\n<p style=\"text-align: justify;\">\u00abIl Comune di Polignano ha trasformato il paese in una merce come tutte le altre e dimostra come il pensiero unico della \u201cmercificazione&#8221; a tutti i costi abbia fatto breccia nell&#8217;immaginario degli amministratori del terzo millennio. La Costituzione stabilisce che \u201cla propriet\u00e0 privata \u00e8 riconosciuta e garantita dalla legge, che ne determina i modi di acquisto, di godimento\u201d ma anche \u201ci limiti allo scopo di assicurarne la funzione sociale e di renderla accessibile a tutti\u201d. Analoghi limiti e condizioni sociali vengono stabiliti per la propriet\u00e0 terriera e per lo sfruttamento del suolo. Quello che voglio sottolineare \u00e8 la forza con la quale la Costituzione insiste su questo punto, in ogni suo articolo, e quanto essa sia permeata da un fortissimo spirito comunitario, teso a frenare gli \u201cspiriti animali\u201d individualistici e a promuovere l\u2019interesse comune, l\u2019interesse sociale, l\u2019uguaglianza reale. Le domande che a questo punto bisognerebbe porci sono: quanto lontani siamo da quella ispirazione? Qual \u00e8 la funzione sociale che ci impone di pagare per visitare un paese?\u00bb.<\/p>\n","protected":false},"excerpt":{"rendered":"<p><img loading=\"lazy\" decoding=\"async\" src=\"https:\/\/farm5.staticflickr.com\/4858\/45297883395_48d59e516b_n.jpg\" alt=\"Fabrizio Resta\" width=\"320\" height=\"320\" \/><\/p>\n","protected":false},"author":1,"featured_media":0,"comment_status":"open","ping_status":"closed","sticky":false,"template":"","format":"standard","meta":{"colormag_page_container_layout":"default_layout","colormag_page_sidebar_layout":"default_layout","footnotes":""},"categories":[4],"tags":[],"class_list":["post-16111","post","type-post","status-publish","format-standard","hentry","category-politica"],"_links":{"self":[{"href":"https:\/\/archivioturi.lavocedelpaese.info\/index.php\/wp-json\/wp\/v2\/posts\/16111","targetHints":{"allow":["GET"]}}],"collection":[{"href":"https:\/\/archivioturi.lavocedelpaese.info\/index.php\/wp-json\/wp\/v2\/posts"}],"about":[{"href":"https:\/\/archivioturi.lavocedelpaese.info\/index.php\/wp-json\/wp\/v2\/types\/post"}],"author":[{"embeddable":true,"href":"https:\/\/archivioturi.lavocedelpaese.info\/index.php\/wp-json\/wp\/v2\/users\/1"}],"replies":[{"embeddable":true,"href":"https:\/\/archivioturi.lavocedelpaese.info\/index.php\/wp-json\/wp\/v2\/comments?post=16111"}],"version-history":[{"count":0,"href":"https:\/\/archivioturi.lavocedelpaese.info\/index.php\/wp-json\/wp\/v2\/posts\/16111\/revisions"}],"wp:attachment":[{"href":"https:\/\/archivioturi.lavocedelpaese.info\/index.php\/wp-json\/wp\/v2\/media?parent=16111"}],"wp:term":[{"taxonomy":"category","embeddable":true,"href":"https:\/\/archivioturi.lavocedelpaese.info\/index.php\/wp-json\/wp\/v2\/categories?post=16111"},{"taxonomy":"post_tag","embeddable":true,"href":"https:\/\/archivioturi.lavocedelpaese.info\/index.php\/wp-json\/wp\/v2\/tags?post=16111"}],"curies":[{"name":"wp","href":"https:\/\/api.w.org\/{rel}","templated":true}]}}