{"id":16072,"date":"2018-12-01T06:31:49","date_gmt":"2018-12-01T06:31:49","guid":{"rendered":"https:\/\/archivioturi.lavocedelpaese.info\/index.php\/2018\/12\/01\/domenica-2-dicembre-qecopasseggiata-a-6-zampeq\/"},"modified":"2018-12-01T06:31:49","modified_gmt":"2018-12-01T06:31:49","slug":"domenica-2-dicembre-qecopasseggiata-a-6-zampeq","status":"publish","type":"post","link":"https:\/\/archivioturi.lavocedelpaese.info\/index.php\/2018\/12\/01\/domenica-2-dicembre-qecopasseggiata-a-6-zampeq\/","title":{"rendered":"Domenica 2 dicembre, &#8220;Ecopasseggiata a 6 zampe&#8221;"},"content":{"rendered":"<p><img loading=\"lazy\" decoding=\"async\" src=\"https:\/\/farm5.staticflickr.com\/4830\/32236792278_d167118b24_n.jpg\" alt=\"Ecopasseggiata Mobed\u00ec\" width=\"320\" height=\"240\" \/><\/p>\n<p style=\"text-align: center;\"><strong>Con Moded\u00ec alla scoperta delle bellezza della nostra campagna<\/strong><\/p>\n<p style=\"text-align: justify;\">Domenica 2 dicembre, Mobed\u00ec torna in campo con &#8220;un&#8217;Ecopasseggiata a 6 zampe&#8221;: un&#8217;occasione per tutti di fare due passi e per chi ha un &#8220;amico pelosetto a 4 zampe&#8221; di portarlo a spasso all&#8217;aria aperta in compagnia, ricevendo i gadget omaggio dello sponsor Cucciolandia di Albino Malena.<\/p>\n<p style=\"text-align: justify;\">L&#8217;evento, patrocinato dal Comune di Turi, piuttosto che declinarsi in una &#8220;caccia ai rifiuti&#8221;, irresponsabilmente abbandonati lungo le strade periferiche del paese, punta a vivere la bellezza della campagna turese, riappropriandosi del \u00absenso di appartenenza dei nostri luoghi e del senso di comunit\u00e0\u00bb.<\/p>\n<p style=\"text-align: justify;\">L&#8217;appuntamento \u00e8 in Piazza Venusio alle ore 9.30: prima della partenza, caff\u00e8 omaggio per tutti offerto dal Bar Venusio, grazie ai talloncini che saranno stampati a titolo gratuito da Segni Grafici.<\/p>\n<p style=\"text-align: justify;\">Il percorso, con punto di partenza e arrivo in Piazza Venusio, si articoler\u00e0 lungo Strada Mola e via vecchia Rutigliano, percorrendo circa 5 kilometri. L&#8217;unica raccomandazione per i partecipanti \u00e8 \u00abvenire muniti di abiti e scarpe adatti, guanti da lavoro&#8230; e tanto entusiasmo!\u00bb.<\/p>\n<p style=\"text-align: justify;\">Le aree-discarica, presenti lungo il percorso, non saranno oggetto di intervento ma solo di segnalazione alle ditte competenti, che si occuperanno delle successive operazioni di bonifica. Tuttavia, se strada facendo ci si imbatter\u00e0 in rifiuti abbandonati, si provveder\u00e0 a raccoglierli &#8211; grazie alle pinze con bastone telescopico messe a disposizione dalla ditta Navita srl &#8211; e a differenziarli.<\/p>\n<p style=\"text-align: justify;\">\u00abTutto questo &#8211; spiega Angela Teresa Girolamo nel post di promozione dell&#8217;evento &#8211; servir\u00e0 oltre che per vivere e godere della nostra campagna, anche per &#8220;preparare il terreno&#8221; all&#8217;attivit\u00e0 che \u00e8 il clou di Mobed\u00ec: piantare fiori lungo il ciglio della strada, cosa che faremo da gennaio 2019\u00bb.<\/p>\n","protected":false},"excerpt":{"rendered":"<p><img loading=\"lazy\" decoding=\"async\" src=\"https:\/\/farm5.staticflickr.com\/4830\/32236792278_d167118b24_n.jpg\" alt=\"Ecopasseggiata Mobed\u00ec\" width=\"320\" height=\"240\" \/><\/p>\n","protected":false},"author":1,"featured_media":0,"comment_status":"open","ping_status":"closed","sticky":false,"template":"","format":"standard","meta":{"colormag_page_container_layout":"default_layout","colormag_page_sidebar_layout":"default_layout","footnotes":""},"categories":[6],"tags":[],"class_list":["post-16072","post","type-post","status-publish","format-standard","hentry","category-cultura"],"_links":{"self":[{"href":"https:\/\/archivioturi.lavocedelpaese.info\/index.php\/wp-json\/wp\/v2\/posts\/16072","targetHints":{"allow":["GET"]}}],"collection":[{"href":"https:\/\/archivioturi.lavocedelpaese.info\/index.php\/wp-json\/wp\/v2\/posts"}],"about":[{"href":"https:\/\/archivioturi.lavocedelpaese.info\/index.php\/wp-json\/wp\/v2\/types\/post"}],"author":[{"embeddable":true,"href":"https:\/\/archivioturi.lavocedelpaese.info\/index.php\/wp-json\/wp\/v2\/users\/1"}],"replies":[{"embeddable":true,"href":"https:\/\/archivioturi.lavocedelpaese.info\/index.php\/wp-json\/wp\/v2\/comments?post=16072"}],"version-history":[{"count":0,"href":"https:\/\/archivioturi.lavocedelpaese.info\/index.php\/wp-json\/wp\/v2\/posts\/16072\/revisions"}],"wp:attachment":[{"href":"https:\/\/archivioturi.lavocedelpaese.info\/index.php\/wp-json\/wp\/v2\/media?parent=16072"}],"wp:term":[{"taxonomy":"category","embeddable":true,"href":"https:\/\/archivioturi.lavocedelpaese.info\/index.php\/wp-json\/wp\/v2\/categories?post=16072"},{"taxonomy":"post_tag","embeddable":true,"href":"https:\/\/archivioturi.lavocedelpaese.info\/index.php\/wp-json\/wp\/v2\/tags?post=16072"}],"curies":[{"name":"wp","href":"https:\/\/api.w.org\/{rel}","templated":true}]}}