{"id":16062,"date":"2018-11-28T16:18:57","date_gmt":"2018-11-28T16:18:57","guid":{"rendered":"https:\/\/archivioturi.lavocedelpaese.info\/index.php\/2018\/11\/28\/rifiuti-in-fiamme-2\/"},"modified":"2018-11-28T16:18:57","modified_gmt":"2018-11-28T16:18:57","slug":"rifiuti-in-fiamme-2","status":"publish","type":"post","link":"https:\/\/archivioturi.lavocedelpaese.info\/index.php\/2018\/11\/28\/rifiuti-in-fiamme-2\/","title":{"rendered":"Ancora rifiuti in fiamme&#8230;"},"content":{"rendered":"<p><img loading=\"lazy\" decoding=\"async\" src=\"https:\/\/farm5.staticflickr.com\/4902\/46007628311_aa3f700674_n.jpg\" alt=\"roghi rifiuti turi (2)\" width=\"320\" height=\"225\" \/><\/p>\n<p style=\"text-align: center;\"><strong>La Protezione Civile spegne il rogo innescato in via Gioia<\/strong><\/p>\n<p style=\"text-align: justify;\">La Protezione Civile di Turi ritorna a confrontarsi con una delle piaghe che da un paio di anni ha preso piede nel nostro paese: in sfregio a quanti quotidianamente si impegnano nella raccolta differenziata, una risicata porzione di nostri concittadini si ostina ad abbandonare illecitamente i propri rifiuti lungo le strade di campagna. E, a peggiorare il gi\u00e0 triste scenario, aggiungono le fiamme: quanto l&#8217;immondizia inizia a essere &#8220;ingombrante&#8221;, per creare nuovo spazio, il &#8220;saggio&#8221; di turno decide di incendiare la spazzatura, senza rendersi conto del danno che arreca alle colture limitrofe, costrette a respirare i fumi di quel rogo.<\/p>\n<p style=\"text-align: justify;\"><img loading=\"lazy\" decoding=\"async\" src=\"https:\/\/farm5.staticflickr.com\/4911\/45958283442_ff229dc2e4_n.jpg\" alt=\"roghi rifiuti turi (1)\" style=\"margin: 6px; float: right;\" width=\"320\" height=\"180\" \/><\/p>\n<p style=\"text-align: justify;\">Questo canovaccio si \u00e8 ripetuto nel pomeriggio di mercoled\u00ec 21 novembre, giorno in cui ignoti hanno dato alle fiamme un cumulo di rifiuti, accatastato sul ciglio della strada, nei pressi della prima rotatoria della provinciale che da Turi conduce a Gioia.<\/p>\n<p style=\"text-align: justify;\">Subito dopo aver ricevuto la segnalazione, sul posto \u00e8 intervenuta prontamente la squadra della Protezione Civile che, avvalendosi del mezzo antincendio in dotazione, \u00e8 riuscita a domare le fiamme, evitando che creassero ulteriori danni.<\/p>\n<p style=\"text-align: justify;\">Ci\u00f2 che pi\u00f9 indigna \u00e8 costatare che, per l&#8217;ennesima volta, i nostri volontari hanno dovuto dedicare tempo e risorse per porre rimedio all&#8217;atto scellerato di un singolo. Un atto che non ha davvero attenuanti: per quanto si possa essere critici su costi e prospettive, ad oggi il servizio di raccolta porta a porta ha dimostrato di funzionare. Sfugge dunque il motivo per cui, pur avendo la possibilit\u00e0 di lasciare i rifiuti comodamente sotto casa, si valuti pi\u00f9 &#8220;conveniente&#8221; scomodarsi per trovare un luogo appartato &#8211; spesso percorrendo anche qualche kilometro &#8211; e scaricare la propria spazzatura.<\/p>\n<p style=\"text-align: justify;\">Se l&#8217;idea di arrecare un danno ambientale non fa presa, invitiamo gli autori di questi gesti a riflettere sul fatto che, agendo in questo modo, pagano due volte per lo stesso servizio: la prima per onorare i costi del servizio di igiene urbana, la seconda per coprire le spese della rimozione di quei rifiuti abbandonati.<\/p>\n","protected":false},"excerpt":{"rendered":"<p><img loading=\"lazy\" decoding=\"async\" src=\"https:\/\/farm5.staticflickr.com\/4902\/46007628311_aa3f700674_n.jpg\" alt=\"roghi rifiuti turi (2)\" width=\"320\" height=\"225\" \/><\/p>\n","protected":false},"author":1,"featured_media":0,"comment_status":"open","ping_status":"closed","sticky":false,"template":"","format":"standard","meta":{"colormag_page_container_layout":"default_layout","colormag_page_sidebar_layout":"default_layout","footnotes":""},"categories":[8],"tags":[],"class_list":["post-16062","post","type-post","status-publish","format-standard","hentry","category-cronaca"],"_links":{"self":[{"href":"https:\/\/archivioturi.lavocedelpaese.info\/index.php\/wp-json\/wp\/v2\/posts\/16062","targetHints":{"allow":["GET"]}}],"collection":[{"href":"https:\/\/archivioturi.lavocedelpaese.info\/index.php\/wp-json\/wp\/v2\/posts"}],"about":[{"href":"https:\/\/archivioturi.lavocedelpaese.info\/index.php\/wp-json\/wp\/v2\/types\/post"}],"author":[{"embeddable":true,"href":"https:\/\/archivioturi.lavocedelpaese.info\/index.php\/wp-json\/wp\/v2\/users\/1"}],"replies":[{"embeddable":true,"href":"https:\/\/archivioturi.lavocedelpaese.info\/index.php\/wp-json\/wp\/v2\/comments?post=16062"}],"version-history":[{"count":0,"href":"https:\/\/archivioturi.lavocedelpaese.info\/index.php\/wp-json\/wp\/v2\/posts\/16062\/revisions"}],"wp:attachment":[{"href":"https:\/\/archivioturi.lavocedelpaese.info\/index.php\/wp-json\/wp\/v2\/media?parent=16062"}],"wp:term":[{"taxonomy":"category","embeddable":true,"href":"https:\/\/archivioturi.lavocedelpaese.info\/index.php\/wp-json\/wp\/v2\/categories?post=16062"},{"taxonomy":"post_tag","embeddable":true,"href":"https:\/\/archivioturi.lavocedelpaese.info\/index.php\/wp-json\/wp\/v2\/tags?post=16062"}],"curies":[{"name":"wp","href":"https:\/\/api.w.org\/{rel}","templated":true}]}}